{"id":1441,"date":"2019-09-06T22:17:00","date_gmt":"2019-09-06T20:17:00","guid":{"rendered":"http:\/\/ayitimizik.net\/?p=1441"},"modified":"2019-09-06T22:17:00","modified_gmt":"2019-09-06T20:17:00","slug":"appel-a-candidatures-residences-de-recherche-et-de-creation-de-linstitut-francais-du-senegal","status":"publish","type":"post","link":"http:\/\/ayitimizik.net\/index.php\/2019\/09\/06\/appel-a-candidatures-residences-de-recherche-et-de-creation-de-linstitut-francais-du-senegal\/","title":{"rendered":"APPEL \u00c0 CANDIDATURES : R\u00e9sidences de recherche et de cr\u00e9ation de l&rsquo;Institut fran\u00e7ais du S\u00e9n\u00e9gal"},"content":{"rendered":"\n<p>Publi\u00e9e le 05\/09\/2019 dans Pros<\/p>\n\n\n\n<figure class=\"wp-block-image\"><img src=\"http:\/\/zonefranche.com\/public\/images\/styles\/news_cover\/63c013a0-cfea-11e9-b858-f721e07f0c6f.jpg\" alt=\"\"\/><\/figure>\n\n\n\n<p>La&nbsp;<a href=\"https:\/\/www.institutfrancais.com\/fr\/zoom\/ouverture-une-nouvelle-residence-artistes-au-senegal-la-villa-saint-louis-ndar\" target=\"_blank\" rel=\"noreferrer noopener\"><strong>Villa Saint-Louis Ndar<\/strong><\/a>&nbsp;est un espace pluridisciplinaire de r\u00e9flexion, de cr\u00e9ation et de mise en pratique qui s\u2019adresse aux professionnels (artistes et chercheurs) \u00e9mergents ou confirm\u00e9s. Elle a ouvert au printemps 2019 avec pour mission de favoriser la cr\u00e9ation contemporaine en Afrique ou en dialogue avec le continent. Elle est port\u00e9e par l\u2019Institut fran\u00e7ais du S\u00e9n\u00e9gal et s\u2019inscrit ainsi dans le r\u00e9seau des Villas fran\u00e7aises dans le monde. Son fonctionnement repose sur de solides partenariats internationaux priv\u00e9s et publics.<\/p>\n\n\n\n<p>L\u2019ambition de la Villa est de soutenir les initiatives qui cherchent \u00e0 faire advenir de nouveaux lieux d\u2019expression de l\u2019Afrique actuelle et des espaces de collaborations \u00e9quilibr\u00e9es entre le continent et le reste du monde. Elle est soucieuse de cette dynamique intellectuelle et cr\u00e9ative qui fait l\u2019histoire de l\u2019Afrique. Une contribution inestimable quant aux r\u00e9ponses aux grands d\u00e9fis de l\u2019Humanit\u00e9.<\/p>\n\n\n\n<p>Les objectifs de la Villa sont donc d\u2019\u00eatre un incubateur, un stimulant de la recherche et un laboratoire de la cr\u00e9ation artistique, qu\u2019elle amplifie et fait r\u00e9sonner.<\/p>\n\n\n\n<p>Quel est le profil des r\u00e9sidents ?<\/p>\n\n\n\n<p>Le programme de r\u00e9sidence de la Villa Saint-Louis Ndar s\u2019adresse \u00e0 des artistes fran\u00e7ais, africains et des artistes francophones aussi bien confirm\u00e9s que des artistes r\u00e9cemment sortis des \u00e9coles d\u2019art. Cette volont\u00e9 de diversifier les niveaux de pratique d\u00e9coule du constat que tr\u00e8s peu de r\u00e9sidences \u00e0 ce jour ouvrent leurs portes aux jeunes dipl\u00f4m\u00e9s. La s\u00e9lection des dossiers passera par un appel \u00e0 candidatures lanc\u00e9 pour une dur\u00e9e de deux mois. Les dossiers seront \u00e9tudi\u00e9s par un jury tournant compos\u00e9 de personnalit\u00e9s de l\u2019Institut Fran\u00e7ais de Paris et du S\u00e9n\u00e9gal et d\u2019experts ind\u00e9pendants africains dans les domaines de l\u2019art et de la recherche en France et en Afrique.<\/p>\n\n\n\n<p><strong>Date limite de candidature :<\/strong>&nbsp;15 septembre 2019.<\/p>\n\n\n\n<p><a href=\"http:\/\/ifprog.institutfrancais.com\/fr\/login\" target=\"_blank\" rel=\"noreferrer noopener\"><strong>PLUS D&rsquo;INFO ET CANDIDATURE<\/strong><\/a><\/p>\n\n\n\n<p>Sources : <a href=\"http:\/\/zonefranche.com\/fr\/actus\/residences-de-recherche-et-de-creation-de-linstitut-francais-du-senegal-jusquau-1509\">ZoneFranche<\/a><\/p>\n","protected":false},"excerpt":{"rendered":"<p>Publi\u00e9e le 05\/09\/2019 dans Pros La&nbsp;Villa Saint-Louis Ndar&nbsp;est un espace pluridisciplinaire de r\u00e9flexion, de cr\u00e9ation et de mise en pratique qui s\u2019adresse aux professionnels (artistes et chercheurs) \u00e9mergents ou confirm\u00e9s. Elle a ouvert au printemps 2019 avec pour mission de &hellip; <a href=\"http:\/\/ayitimizik.net\/index.php\/2019\/09\/06\/appel-a-candidatures-residences-de-recherche-et-de-creation-de-linstitut-francais-du-senegal\/\">Continuer la lecture <span class=\"meta-nav\">&rarr;<\/span><\/a><\/p>\n","protected":false},"author":2,"featured_media":0,"comment_status":"closed","ping_status":"closed","sticky":false,"template":"","format":"standard","meta":[],"categories":[6,17],"tags":[],"_links":{"self":[{"href":"http:\/\/ayitimizik.net\/index.php\/wp-json\/wp\/v2\/posts\/1441"}],"collection":[{"href":"http:\/\/ayitimizik.net\/index.php\/wp-json\/wp\/v2\/posts"}],"about":[{"href":"http:\/\/ayitimizik.net\/index.php\/wp-json\/wp\/v2\/types\/post"}],"author":[{"embeddable":true,"href":"http:\/\/ayitimizik.net\/index.php\/wp-json\/wp\/v2\/users\/2"}],"replies":[{"embeddable":true,"href":"http:\/\/ayitimizik.net\/index.php\/wp-json\/wp\/v2\/comments?post=1441"}],"version-history":[{"count":1,"href":"http:\/\/ayitimizik.net\/index.php\/wp-json\/wp\/v2\/posts\/1441\/revisions"}],"predecessor-version":[{"id":1442,"href":"http:\/\/ayitimizik.net\/index.php\/wp-json\/wp\/v2\/posts\/1441\/revisions\/1442"}],"wp:attachment":[{"href":"http:\/\/ayitimizik.net\/index.php\/wp-json\/wp\/v2\/media?parent=1441"}],"wp:term":[{"taxonomy":"category","embeddable":true,"href":"http:\/\/ayitimizik.net\/index.php\/wp-json\/wp\/v2\/categories?post=1441"},{"taxonomy":"post_tag","embeddable":true,"href":"http:\/\/ayitimizik.net\/index.php\/wp-json\/wp\/v2\/tags?post=1441"}],"curies":[{"name":"wp","href":"https:\/\/api.w.org\/{rel}","templated":true}]}}