{"id":1437,"date":"2019-08-09T00:50:51","date_gmt":"2019-08-08T22:50:51","guid":{"rendered":"http:\/\/ayitimizik.net\/?p=1437"},"modified":"2019-08-09T00:50:51","modified_gmt":"2019-08-08T22:50:51","slug":"appel-a-candidatures-residence-dartistes-en-suisse","status":"publish","type":"post","link":"http:\/\/ayitimizik.net\/index.php\/2019\/08\/09\/appel-a-candidatures-residence-dartistes-en-suisse\/","title":{"rendered":"APPEL \u00c0 CANDIDATURES : R\u00e9sidence d&rsquo;artistes en Suisse"},"content":{"rendered":"\n<figure class=\"wp-block-image\"><img loading=\"lazy\" width=\"1024\" height=\"1024\" src=\"http:\/\/ayitimizik.net\/wp-content\/uploads\/2019\/08\/Muzeum-Susch-1024x1024.jpg\" alt=\"\" class=\"wp-image-1438\" srcset=\"http:\/\/ayitimizik.net\/wp-content\/uploads\/2019\/08\/Muzeum-Susch-1024x1024.jpg 1024w, http:\/\/ayitimizik.net\/wp-content\/uploads\/2019\/08\/Muzeum-Susch-150x150.jpg 150w, http:\/\/ayitimizik.net\/wp-content\/uploads\/2019\/08\/Muzeum-Susch-423x423.jpg 423w, http:\/\/ayitimizik.net\/wp-content\/uploads\/2019\/08\/Muzeum-Susch-768x768.jpg 768w, http:\/\/ayitimizik.net\/wp-content\/uploads\/2019\/08\/Muzeum-Susch-300x300.jpg 300w, http:\/\/ayitimizik.net\/wp-content\/uploads\/2019\/08\/Muzeum-Susch.jpg 1500w\" sizes=\"(max-width: 1024px) 100vw, 1024px\" \/><\/figure>\n\n\n\n<p>Les artistes et les professionnels de la culture du monde entier sont invit\u00e9s \u00e0 postuler pour un nouveau programme de r\u00e9sidence qui sera lanc\u00e9 en f\u00e9vrier 2020 \u00e0 Zernez, en Suisse.<\/p>\n\n\n\n<p>Temporars Susch sera lanc\u00e9 par le Mus\u00e9e Susch et offrira aux professionnels de la culture de toutes les disciplines, producteurs culturels, arts de la sc\u00e8ne, spectacle vivant, \u00e9crivains, conservateurs et chercheurs de divers horizons, un espace pour les activit\u00e9s de recherche pendant deux \u00e0 quatre semaines.<\/p>\n\n\n\n<p>Les r\u00e9sidences en 2020 auront lieu en f\u00e9vrier, mai, ao\u00fbt et octobre.<\/p>\n\n\n\n<p>En tant que programme non ax\u00e9 sur la production, Temporars Susch n&rsquo;exige aucun r\u00e9sultat tangible, ni un soutien financier des participants. Toutefois, les participants sont cens\u00e9s participer activement aux programmes publics et partager les r\u00e9sultats partiels de la recherche ou de la cr\u00e9ation en utilisant l\u2019une des m\u00e9thodes suivantes :<\/p>\n\n\n\n<ul><li>Ateliers.<\/li><li>Rencontres entre artistes.<\/li><li>Panel de discussion.<\/li><\/ul>\n\n\n\n<p>La date limite de candidature est le&nbsp;<strong>15 ao\u00fbt 2019<\/strong>. Les candidats retenus seront inform\u00e9s en novembre 2019.<\/p>\n\n\n\n<p><strong>Conditions<\/strong><\/p>\n\n\n\n<p>Pour participer \u00e0 la r\u00e9sidence, les candidats doivent \u00eatre \u00e2g\u00e9s de plus de 18 ans et pr\u00e9senter les informations suivantes :<\/p>\n\n\n\n<ul><li>Informations personnelles et professionnelles de base.<\/li><li>Une lettre de motivation avec un projet d\u00e9taill\u00e9 sur les avantages potentiels de votre r\u00e9sidence pour votre propre pratique\/recherche.<\/li><li>Un portefeuille avec un maximum de cinq projets.<\/li><\/ul>\n\n\n\n<p>Les candidatures sont soumises&nbsp;<strong>en anglais<\/strong>&nbsp;via un formulaire en ligne disponible&nbsp;<a href=\"https:\/\/docs.google.com\/forms\/d\/e\/1FAIpQLSebnJAWWpPly3Kr84jmth0dVGsPaUw0MvsMcaxsj1W0yHQYWQ\/viewform\" target=\"_blank\" rel=\"noreferrer noopener\">ici<\/a>.<\/p>\n\n\n\n<p>Les participants s\u00e9lectionn\u00e9s recevront :<\/p>\n\n\n\n<ul><li>H\u00e9bergement.<\/li><li>Frais de voyage.<\/li><li>Une contribution hebdomadaire de 350 francs suisses (environ 350 dollars am\u00e9ricains).<\/li><\/ul>\n\n\n\n<p>Pour des informations compl\u00e9mentaires, voir l&rsquo;appel \u00e0 candidatures original&nbsp;<a href=\"https:\/\/www.muzeumsusch.ch\/en\/1161\/Open-Call\" target=\"_blank\" rel=\"noreferrer noopener\">ici<\/a><\/p>\n","protected":false},"excerpt":{"rendered":"<p>Les artistes et les professionnels de la culture du monde entier sont invit\u00e9s \u00e0 postuler pour un nouveau programme de r\u00e9sidence qui sera lanc\u00e9 en f\u00e9vrier 2020 \u00e0 Zernez, en Suisse. Temporars Susch sera lanc\u00e9 par le Mus\u00e9e Susch et &hellip; <a href=\"http:\/\/ayitimizik.net\/index.php\/2019\/08\/09\/appel-a-candidatures-residence-dartistes-en-suisse\/\">Continuer la lecture <span class=\"meta-nav\">&rarr;<\/span><\/a><\/p>\n","protected":false},"author":2,"featured_media":0,"comment_status":"closed","ping_status":"closed","sticky":false,"template":"","format":"standard","meta":[],"categories":[6,17],"tags":[],"_links":{"self":[{"href":"http:\/\/ayitimizik.net\/index.php\/wp-json\/wp\/v2\/posts\/1437"}],"collection":[{"href":"http:\/\/ayitimizik.net\/index.php\/wp-json\/wp\/v2\/posts"}],"about":[{"href":"http:\/\/ayitimizik.net\/index.php\/wp-json\/wp\/v2\/types\/post"}],"author":[{"embeddable":true,"href":"http:\/\/ayitimizik.net\/index.php\/wp-json\/wp\/v2\/users\/2"}],"replies":[{"embeddable":true,"href":"http:\/\/ayitimizik.net\/index.php\/wp-json\/wp\/v2\/comments?post=1437"}],"version-history":[{"count":1,"href":"http:\/\/ayitimizik.net\/index.php\/wp-json\/wp\/v2\/posts\/1437\/revisions"}],"predecessor-version":[{"id":1439,"href":"http:\/\/ayitimizik.net\/index.php\/wp-json\/wp\/v2\/posts\/1437\/revisions\/1439"}],"wp:attachment":[{"href":"http:\/\/ayitimizik.net\/index.php\/wp-json\/wp\/v2\/media?parent=1437"}],"wp:term":[{"taxonomy":"category","embeddable":true,"href":"http:\/\/ayitimizik.net\/index.php\/wp-json\/wp\/v2\/categories?post=1437"},{"taxonomy":"post_tag","embeddable":true,"href":"http:\/\/ayitimizik.net\/index.php\/wp-json\/wp\/v2\/tags?post=1437"}],"curies":[{"name":"wp","href":"https:\/\/api.w.org\/{rel}","templated":true}]}}