{"id":1425,"date":"2019-07-25T18:42:28","date_gmt":"2019-07-25T16:42:28","guid":{"rendered":"http:\/\/ayitimizik.net\/?p=1425"},"modified":"2019-07-25T18:46:15","modified_gmt":"2019-07-25T16:46:15","slug":"le-senat-vote-une-proposition-de-loi-consacrant-juillet-comme-mois-du-konpa","status":"publish","type":"post","link":"http:\/\/ayitimizik.net\/index.php\/2019\/07\/25\/le-senat-vote-une-proposition-de-loi-consacrant-juillet-comme-mois-du-konpa\/","title":{"rendered":"Le s\u00e9nat vote une proposition de loi consacrant juillet comme \u00ab mois du Konpa \u00bb"},"content":{"rendered":"\n<p><br>P-au-P, 17 juil. 2019 [AlterPresse] &#8212; Une proposition de loi, vot\u00e9e le mardi 16 juillet 2019, par le s\u00e9nat, consacre le mois de juillet comme \u00ab&nbsp;mois du Konpa&nbsp;\u00bb, apprend l\u2019agence en ligne AlterPresse.<\/p>\n\n\n\n<p>D\u00e9pos\u00e9e par le s\u00e9nateur Garcia Delva, cette proposition de loi, qui \u00e9l\u00e8ve le rythme&nbsp;<em>Konpa<\/em>&nbsp;au rang de patrimoine national, exige de l\u2019\u00c9tat de fonder des centres d\u2019enseignement du&nbsp;<em>Konpa<\/em>.<\/p>\n\n\n\n<p>Le bureau du parlementaire salue le vote de cette proposition de loi, tout en encourageant la chambre des d\u00e9put\u00e9s \u00e0 embo\u00eeter le pas au s\u00e9nat, en mettant en branle le processus devant conduire au vote de cette proposition de loi.<\/p>\n\n\n\n<p>Des activit\u00e9s comm\u00e9moratives ont eu lieu au cours du mois de juillet 2018, \u00e0 l\u2019occasion des 100 ans de la naissance de Nemours Jean-Baptiste, p\u00e8re du Konpa Dir\u00e8k.<\/p>\n\n\n\n<p>Un buste de Nemours Jean-Baptiste, devenu patrimoine culturel mat\u00e9riel, a \u00e9t\u00e9 d\u00e9voil\u00e9 le jeudi 26 juillet 2018, sur la Place Sainte Anne, \u00e0 Port-au-Prince, \u00e0 l\u2019initiative du Minist\u00e8re de la culture et de la communication (Mcc).<\/p>\n\n\n\n<p>La cr\u00e9ation du rythme Konpa, attribu\u00e9e \u00e0 Nemours Jean-Baptiste, figure l\u00e9gendaire de la musique ha\u00eftienne, \u00e9tait d\u00e9j\u00e0 consid\u00e9r\u00e9e comme patrimoine culturel immat\u00e9riel.<\/p>\n\n\n\n<p>\u00ab&nbsp;Cette statue t\u00e9moigne du respect, \u00e9prouv\u00e9 pour l\u2019immense contribution de Nemours Jean-Baptiste \u00e0 l\u2019\u00e9mancipation de la culture ha\u00eftienne \u00e0 travers sa cr\u00e9ation, le&nbsp;<em>Konpa Dir\u00e8k<\/em>&nbsp;\u00bb, avait exprim\u00e9 le titulaire d\u2019alors du Minist\u00e8re de la culture et de la communication, Guyler C. Delva, lors de la c\u00e9r\u00e9monie de d\u00e9voilement du buste, en juillet 2018.<\/p>\n\n\n\n<p>N\u00e9 \u00e0 Port-au-Prince le 2 f\u00e9vrier 1918 et d\u00e9c\u00e9d\u00e9 le 18 mai 1985, Nemours Jean-Baptiste, joueur de banjo, guitariste, saxophoniste, compositeur et chef d\u2019orchestre, a eu plusieurs tubes \u00e0 succ\u00e8s comme&nbsp;<em>Aprann renmen<\/em>,&nbsp;<em>w\u00f2b antrav<\/em>, \u00ab&nbsp;Solange&nbsp;\u00bb, \u00ab&nbsp;Universal compas&nbsp;\u00bb, \u00ab&nbsp;Vivre Compas&nbsp;\u00bb, \u00ab&nbsp;la joie de vivre&nbsp;\u00bb.<\/p>\n\n\n\n<p>Il a cr\u00e9\u00e9, un jour de la f\u00eate catholique romaine Sainte-Anne, le 26 juillet 1955, le rythme, qui allait devenir le&nbsp;<em>Konpa dir\u00e8k<\/em>, avec son propre groupe musical, Conjunto International. [emb rc apr 17\/07\/2019 11:45]<\/p>\n\n\n\n<p>Source : <a href=\"http:\/\/www.alterpresse.org\/spip.php?article24551\">Alterpresse<\/a><\/p>\n\n\n\n<figure class=\"wp-block-image\"><img loading=\"lazy\" width=\"714\" height=\"1024\" src=\"http:\/\/ayitimizik.net\/wp-content\/uploads\/2019\/07\/8c089cf9-d031-46e0-a10f-1241627c8be1-714x1024.jpg\" alt=\"\" class=\"wp-image-1427\" srcset=\"http:\/\/ayitimizik.net\/wp-content\/uploads\/2019\/07\/8c089cf9-d031-46e0-a10f-1241627c8be1-714x1024.jpg 714w, http:\/\/ayitimizik.net\/wp-content\/uploads\/2019\/07\/8c089cf9-d031-46e0-a10f-1241627c8be1-295x423.jpg 295w, http:\/\/ayitimizik.net\/wp-content\/uploads\/2019\/07\/8c089cf9-d031-46e0-a10f-1241627c8be1-209x300.jpg 209w, http:\/\/ayitimizik.net\/wp-content\/uploads\/2019\/07\/8c089cf9-d031-46e0-a10f-1241627c8be1.jpg 753w\" sizes=\"(max-width: 714px) 100vw, 714px\" \/><\/figure>\n\n\n\n<figure class=\"wp-block-image\"><img loading=\"lazy\" width=\"682\" height=\"1024\" src=\"http:\/\/ayitimizik.net\/wp-content\/uploads\/2019\/07\/4e350fb2-5bb1-4a8d-9c36-4e3978f2f402-682x1024.jpg\" alt=\"\" class=\"wp-image-1428\" srcset=\"http:\/\/ayitimizik.net\/wp-content\/uploads\/2019\/07\/4e350fb2-5bb1-4a8d-9c36-4e3978f2f402-682x1024.jpg 682w, http:\/\/ayitimizik.net\/wp-content\/uploads\/2019\/07\/4e350fb2-5bb1-4a8d-9c36-4e3978f2f402-282x423.jpg 282w, http:\/\/ayitimizik.net\/wp-content\/uploads\/2019\/07\/4e350fb2-5bb1-4a8d-9c36-4e3978f2f402-200x300.jpg 200w, http:\/\/ayitimizik.net\/wp-content\/uploads\/2019\/07\/4e350fb2-5bb1-4a8d-9c36-4e3978f2f402.jpg 719w\" sizes=\"(max-width: 682px) 100vw, 682px\" \/><\/figure>\n","protected":false},"excerpt":{"rendered":"<p>P-au-P, 17 juil. 2019 [AlterPresse] &#8212; Une proposition de loi, vot\u00e9e le mardi 16 juillet 2019, par le s\u00e9nat, consacre le mois de juillet comme \u00ab&nbsp;mois du Konpa&nbsp;\u00bb, apprend l\u2019agence en ligne AlterPresse. D\u00e9pos\u00e9e par le s\u00e9nateur Garcia Delva, cette &hellip; <a href=\"http:\/\/ayitimizik.net\/index.php\/2019\/07\/25\/le-senat-vote-une-proposition-de-loi-consacrant-juillet-comme-mois-du-konpa\/\">Continuer la lecture <span class=\"meta-nav\">&rarr;<\/span><\/a><\/p>\n","protected":false},"author":2,"featured_media":0,"comment_status":"closed","ping_status":"closed","sticky":false,"template":"","format":"standard","meta":[],"categories":[6],"tags":[],"_links":{"self":[{"href":"http:\/\/ayitimizik.net\/index.php\/wp-json\/wp\/v2\/posts\/1425"}],"collection":[{"href":"http:\/\/ayitimizik.net\/index.php\/wp-json\/wp\/v2\/posts"}],"about":[{"href":"http:\/\/ayitimizik.net\/index.php\/wp-json\/wp\/v2\/types\/post"}],"author":[{"embeddable":true,"href":"http:\/\/ayitimizik.net\/index.php\/wp-json\/wp\/v2\/users\/2"}],"replies":[{"embeddable":true,"href":"http:\/\/ayitimizik.net\/index.php\/wp-json\/wp\/v2\/comments?post=1425"}],"version-history":[{"count":2,"href":"http:\/\/ayitimizik.net\/index.php\/wp-json\/wp\/v2\/posts\/1425\/revisions"}],"predecessor-version":[{"id":1429,"href":"http:\/\/ayitimizik.net\/index.php\/wp-json\/wp\/v2\/posts\/1425\/revisions\/1429"}],"wp:attachment":[{"href":"http:\/\/ayitimizik.net\/index.php\/wp-json\/wp\/v2\/media?parent=1425"}],"wp:term":[{"taxonomy":"category","embeddable":true,"href":"http:\/\/ayitimizik.net\/index.php\/wp-json\/wp\/v2\/categories?post=1425"},{"taxonomy":"post_tag","embeddable":true,"href":"http:\/\/ayitimizik.net\/index.php\/wp-json\/wp\/v2\/tags?post=1425"}],"curies":[{"name":"wp","href":"https:\/\/api.w.org\/{rel}","templated":true}]}}