{"id":1422,"date":"2019-07-22T17:25:11","date_gmt":"2019-07-22T15:25:11","guid":{"rendered":"http:\/\/ayitimizik.net\/?p=1422"},"modified":"2019-07-22T17:25:11","modified_gmt":"2019-07-22T15:25:11","slug":"appel-a-candidatures-zone-street-art-culture-du-masa","status":"publish","type":"post","link":"http:\/\/ayitimizik.net\/index.php\/2019\/07\/22\/appel-a-candidatures-zone-street-art-culture-du-masa\/","title":{"rendered":"APPEL \u00c0 CANDIDATURES : \u00ab Zone Street Art Culture \u00bb du MASA"},"content":{"rendered":"\n<figure class=\"wp-block-image\"><img loading=\"lazy\" width=\"1024\" height=\"612\" src=\"http:\/\/ayitimizik.net\/wp-content\/uploads\/2019\/07\/LAZONE-1024x612.jpg\" alt=\"\" class=\"wp-image-1423\" srcset=\"http:\/\/ayitimizik.net\/wp-content\/uploads\/2019\/07\/LAZONE-1024x612.jpg 1024w, http:\/\/ayitimizik.net\/wp-content\/uploads\/2019\/07\/LAZONE-707x423.jpg 707w, http:\/\/ayitimizik.net\/wp-content\/uploads\/2019\/07\/LAZONE-768x459.jpg 768w, http:\/\/ayitimizik.net\/wp-content\/uploads\/2019\/07\/LAZONE-500x300.jpg 500w, http:\/\/ayitimizik.net\/wp-content\/uploads\/2019\/07\/LAZONE.jpg 1468w\" sizes=\"(max-width: 1024px) 100vw, 1024px\" \/><\/figure>\n\n\n\n<p><strong>LA ZONE STREET ART CULTURE<\/strong>&nbsp;du #MASA2020 est un espace d\u00e9di\u00e9 \u00e0 toutes les cr\u00e9ations artistiques urbaines : &nbsp;musique, mode, danse et Arts visuels<\/p>\n\n\n\n<p>C\u2019est&nbsp;<strong>l\u2019espace So Fun So Young<\/strong>&nbsp;du MASA, o\u00f9 cr\u00e9ativit\u00e9, originalit\u00e9, innovation et divertissement foisonnent et fusionnent.<\/p>\n\n\n\n<p><strong>Venez comme vous \u00eates.&nbsp;<\/strong><strong>Venez relax, avec vos potes.<\/strong><\/p>\n\n\n\n<p><strong>La Zone<\/strong>&nbsp;est ouverte \u00e0 tous les artistes sans distinctions d\u2019origine. Aux artistes d\u2019Afrique et du monde entier.<\/p>\n\n\n\n<p>Faites votre inscription en remplissant ce&nbsp;<a href=\"https:\/\/docs.google.com\/forms\/d\/1-MA32lyFkPXmJI3YwfuI0c0XwIFwQUdvMZbaozQr52w\/edit\"><strong>formulaire<\/strong>&nbsp;<\/a>&nbsp;avant&nbsp;<strong>le 31 juillet 2019.<\/strong><\/p>\n\n\n\n<p>Pour toute question relative \u00e0\u00a0<strong>LA ZONE STREET ART CULTURE<\/strong>, contactez-nous \u00e0 l\u2019adresse suivante :\u00a0<strong><em>administration@masa.ci\/ tokodidier@yahoo.fr<\/em><\/strong><\/p>\n\n\n\n<p>Source: <a href=\"http:\/\/www.fr.masa.ci\/?sermons=appel-a-candidatures-aux-artistes-de-la-zone-street-art-culture\">MASA<\/a><\/p>\n","protected":false},"excerpt":{"rendered":"<p>LA ZONE STREET ART CULTURE&nbsp;du #MASA2020 est un espace d\u00e9di\u00e9 \u00e0 toutes les cr\u00e9ations artistiques urbaines : &nbsp;musique, mode, danse et Arts visuels C\u2019est&nbsp;l\u2019espace So Fun So Young&nbsp;du MASA, o\u00f9 cr\u00e9ativit\u00e9, originalit\u00e9, innovation et divertissement foisonnent et fusionnent. Venez comme &hellip; <a href=\"http:\/\/ayitimizik.net\/index.php\/2019\/07\/22\/appel-a-candidatures-zone-street-art-culture-du-masa\/\">Continuer la lecture <span class=\"meta-nav\">&rarr;<\/span><\/a><\/p>\n","protected":false},"author":2,"featured_media":0,"comment_status":"closed","ping_status":"closed","sticky":false,"template":"","format":"standard","meta":[],"categories":[6,15],"tags":[],"_links":{"self":[{"href":"http:\/\/ayitimizik.net\/index.php\/wp-json\/wp\/v2\/posts\/1422"}],"collection":[{"href":"http:\/\/ayitimizik.net\/index.php\/wp-json\/wp\/v2\/posts"}],"about":[{"href":"http:\/\/ayitimizik.net\/index.php\/wp-json\/wp\/v2\/types\/post"}],"author":[{"embeddable":true,"href":"http:\/\/ayitimizik.net\/index.php\/wp-json\/wp\/v2\/users\/2"}],"replies":[{"embeddable":true,"href":"http:\/\/ayitimizik.net\/index.php\/wp-json\/wp\/v2\/comments?post=1422"}],"version-history":[{"count":1,"href":"http:\/\/ayitimizik.net\/index.php\/wp-json\/wp\/v2\/posts\/1422\/revisions"}],"predecessor-version":[{"id":1424,"href":"http:\/\/ayitimizik.net\/index.php\/wp-json\/wp\/v2\/posts\/1422\/revisions\/1424"}],"wp:attachment":[{"href":"http:\/\/ayitimizik.net\/index.php\/wp-json\/wp\/v2\/media?parent=1422"}],"wp:term":[{"taxonomy":"category","embeddable":true,"href":"http:\/\/ayitimizik.net\/index.php\/wp-json\/wp\/v2\/categories?post=1422"},{"taxonomy":"post_tag","embeddable":true,"href":"http:\/\/ayitimizik.net\/index.php\/wp-json\/wp\/v2\/tags?post=1422"}],"curies":[{"name":"wp","href":"https:\/\/api.w.org\/{rel}","templated":true}]}}