{"id":1415,"date":"2019-07-19T22:41:08","date_gmt":"2019-07-19T20:41:08","guid":{"rendered":"http:\/\/ayitimizik.net\/?p=1415"},"modified":"2019-07-19T22:44:28","modified_gmt":"2019-07-19T20:44:28","slug":"appel-a-candidatures-residences-camargo-en-france","status":"publish","type":"post","link":"http:\/\/ayitimizik.net\/index.php\/2019\/07\/19\/appel-a-candidatures-residences-camargo-en-france\/","title":{"rendered":"APPEL \u00c0 CANDIDATURES : R\u00e9sidences Camargo en France"},"content":{"rendered":"\n<figure class=\"wp-block-image is-resized\"><img loading=\"lazy\" src=\"http:\/\/ayitimizik.net\/wp-content\/uploads\/2019\/07\/Camargofoundation.jpg\" alt=\"\" class=\"wp-image-1417\" width=\"815\" height=\"457\" srcset=\"http:\/\/ayitimizik.net\/wp-content\/uploads\/2019\/07\/Camargofoundation.jpg 800w, http:\/\/ayitimizik.net\/wp-content\/uploads\/2019\/07\/Camargofoundation-752x423.jpg 752w, http:\/\/ayitimizik.net\/wp-content\/uploads\/2019\/07\/Camargofoundation-768x432.jpg 768w, http:\/\/ayitimizik.net\/wp-content\/uploads\/2019\/07\/Camargofoundation-500x281.jpg 500w\" sizes=\"(max-width: 815px) 100vw, 815px\" \/><\/figure>\n\n\n\n<p>La Fondation Camargo, centre de reflexion et de cr\u00e9ation proposant des programmes dans les domaines des sciences humaines et des arts, re\u00e7oit&nbsp;les candidatures pour ses r\u00e9sidences&nbsp;\u00e0 Cassis (France) en 2020 et 2021.<\/p>\n\n\n\n<p>Lanc\u00e9 en 1971, le programme annuel attribue des r\u00e9sidences \u00e0 18 personnes dans le cadre de sa mission consistant \u00e0 soutenir des recherches novatrices, des exp\u00e9rimentations et des approches interdisciplinaires.<\/p>\n\n\n\n<p>Au cours des six \u00e0 dix semaines de r\u00e9sidence, les participants prennent part \u00e0 des discussions r\u00e9guli\u00e8res pour encourager les \u00e9changes interdisciplinaires.<\/p>\n\n\n\n<p>Le personnel de la fondation \u00e9tablira des liens formels et informels avec la r\u00e9gion et facilitera les r\u00e9unions avec des professionnels dont les domaines de comp\u00e9tence sont pertinents pour le travail des laur\u00e9ats, qui&nbsp;auront \u00e9galement l&rsquo;occasion d&rsquo;assister \u00e0 divers \u00e9v\u00e9nements.<\/p>\n\n\n\n<p>La date limite de candidature est fix\u00e9e au&nbsp;<strong>1er octobre 2019<\/strong>.<\/p>\n\n\n\n<p><strong>Crit\u00e8res d&rsquo;\u00e9ligibilit\u00e9<\/strong><\/p>\n\n\n\n<p>Les personnes&nbsp;int\u00e9ress\u00e9es, quelles que soient&nbsp;leurs nationalit\u00e9s, peuvent postuler.<\/p>\n\n\n\n<p>La candidature au&nbsp;programme&nbsp;Camargo est divis\u00e9e en plusieurs cat\u00e9gories, notamment :<\/p>\n\n\n\n<p><strong>Artistes<\/strong><\/p>\n\n\n\n<p>La fondation s&rsquo;int\u00e9resse aux artistes ayant un&nbsp;projet&nbsp;pertinent&nbsp;et mature.<\/p>\n\n\n\n<p>Les candidats peuvent \u00eatre&nbsp;des artistes engag\u00e9s dans des projets ax\u00e9s sur la pens\u00e9e critique et la recherche. Les artistes devront choisir parmi les sous-cat\u00e9gories suivantes en postulant :<\/p>\n\n\n\n<ul><li>Art sonore<\/li><li>Composition<\/li><li>Arts visuels<\/li><li>Arts de la sc\u00e8ne<\/li><li>Chor\u00e9graphie<\/li><li>\u00c9criture<\/li><\/ul>\n\n\n\n<p><strong>Chercheurs<\/strong><\/p>\n\n\n\n<p>Les chercheurs voulant postuler doivent \u00eatre connect\u00e9s aux arts et aux sciences humaines traitant des&nbsp;cultures fran\u00e7aises et francophones, ou \u00e0 des \u00e9tudes interculturelles qui engagent les cultures et influences de la r\u00e9gion m\u00e9diterran\u00e9enne. Pour \u00eatre \u00e9ligible, le candidat doit \u00eatre soit un titulaire d&rsquo;un doctorat,&nbsp;un b\u00e9n\u00e9ficiaire&nbsp;d&rsquo;une&nbsp;bourse postdoctorale, sinon un candidat au doctorat dans les phases finales de sa recherche.<\/p>\n\n\n\n<p><strong>Penseurs<\/strong><\/p>\n\n\n\n<p>Les penseurs pouvant postuler doivent \u00eatre&nbsp;des professionnels et des praticiens accomplis dans les domaines de la culture et de la cr\u00e9ation (conservateurs, journalistes, critiques, urbanistes, universitaires ind\u00e9pendants, etc.).<\/p>\n\n\n\n<p>Ils devraient \u00eatre professionnellement engag\u00e9s dans la pens\u00e9e critique. La fondation s&rsquo;int\u00e9resse au travail adapt\u00e9 au monde universitaire, aux arts et \u00e0 la soci\u00e9t\u00e9.<\/p>\n\n\n\n<p><strong>P\u00e9riodes de r\u00e9sidence<\/strong><\/p>\n\n\n\n<p>Les dates pour le programme&nbsp;2020-201 de Catamargo sont les suivantes :<\/p>\n\n\n\n<ul><li>Huit semaines du 8 septembre au novembre 2020.<\/li><li>Six semaines du 23 f\u00e9vrier au 6 avril 2021.<\/li><li>Huit semaines du 23 f\u00e9vrier au 20 avril 2021.<\/li><li>Onze semaines du 23 f\u00e9vrier au 11 mai 2021.<\/li><\/ul>\n\n\n\n<p><strong>Bourse<\/strong><\/p>\n\n\n\n<p>La Fondation Camargo fournira aux 18 laur\u00e9ats,&nbsp;une indemnit\u00e9 hebdomadaire de 250 dollars, transport aller-retour compris.<\/p>\n\n\n\n<p><strong>Comment postuler ?<\/strong><\/p>\n\n\n\n<p>Pour postuler au programme de base Camargo, les demandeurs doivent lire le&nbsp;<a href=\"https:\/\/camargofoundation.org\/fileadmin\/user_upload\/guidelines\/GUIDELINES_Camargo_Core_Program_2020-2021.pdf\" target=\"_blank\" rel=\"noreferrer noopener\">r\u00e8glement complet<\/a>&nbsp;avant de soumettre leur formulaire de demande en ligne&nbsp;<a href=\"https:\/\/camargofoundation.submittable.com\/submit\" target=\"_blank\" rel=\"noreferrer noopener\">ici<\/a>.<\/p>\n\n\n\n<p><em>Pour plus d&rsquo;informations sur le&nbsp;<a href=\"https:\/\/www.camargofoundation.org\/\" target=\"_blank\" rel=\"noreferrer noopener\">site officiel<\/a>&nbsp;de la Fondation Camargo<\/em>.<\/p>\n\n\n\n<p>Source : <a href=\"https:\/\/www.musicinafrica.net\/fr\/magazine\/appel-candidatures-residences-camargo-en-france\">MusicinAfrica<\/a><\/p>\n","protected":false},"excerpt":{"rendered":"<p>La Fondation Camargo, centre de reflexion et de cr\u00e9ation proposant des programmes dans les domaines des sciences humaines et des arts, re\u00e7oit&nbsp;les candidatures pour ses r\u00e9sidences&nbsp;\u00e0 Cassis (France) en 2020 et 2021. Lanc\u00e9 en 1971, le programme annuel attribue des &hellip; <a href=\"http:\/\/ayitimizik.net\/index.php\/2019\/07\/19\/appel-a-candidatures-residences-camargo-en-france\/\">Continuer la lecture <span class=\"meta-nav\">&rarr;<\/span><\/a><\/p>\n","protected":false},"author":2,"featured_media":0,"comment_status":"closed","ping_status":"closed","sticky":false,"template":"","format":"standard","meta":[],"categories":[6,17],"tags":[],"_links":{"self":[{"href":"http:\/\/ayitimizik.net\/index.php\/wp-json\/wp\/v2\/posts\/1415"}],"collection":[{"href":"http:\/\/ayitimizik.net\/index.php\/wp-json\/wp\/v2\/posts"}],"about":[{"href":"http:\/\/ayitimizik.net\/index.php\/wp-json\/wp\/v2\/types\/post"}],"author":[{"embeddable":true,"href":"http:\/\/ayitimizik.net\/index.php\/wp-json\/wp\/v2\/users\/2"}],"replies":[{"embeddable":true,"href":"http:\/\/ayitimizik.net\/index.php\/wp-json\/wp\/v2\/comments?post=1415"}],"version-history":[{"count":2,"href":"http:\/\/ayitimizik.net\/index.php\/wp-json\/wp\/v2\/posts\/1415\/revisions"}],"predecessor-version":[{"id":1418,"href":"http:\/\/ayitimizik.net\/index.php\/wp-json\/wp\/v2\/posts\/1415\/revisions\/1418"}],"wp:attachment":[{"href":"http:\/\/ayitimizik.net\/index.php\/wp-json\/wp\/v2\/media?parent=1415"}],"wp:term":[{"taxonomy":"category","embeddable":true,"href":"http:\/\/ayitimizik.net\/index.php\/wp-json\/wp\/v2\/categories?post=1415"},{"taxonomy":"post_tag","embeddable":true,"href":"http:\/\/ayitimizik.net\/index.php\/wp-json\/wp\/v2\/tags?post=1415"}],"curies":[{"name":"wp","href":"https:\/\/api.w.org\/{rel}","templated":true}]}}