{"id":1405,"date":"2019-07-05T15:26:58","date_gmt":"2019-07-05T13:26:58","guid":{"rendered":"http:\/\/ayitimizik.net\/?p=1405"},"modified":"2019-07-05T15:30:47","modified_gmt":"2019-07-05T13:30:47","slug":"appel-a-candidatures-residence-de-linstitut-francais-du-maroc","status":"publish","type":"post","link":"http:\/\/ayitimizik.net\/index.php\/2019\/07\/05\/appel-a-candidatures-residence-de-linstitut-francais-du-maroc\/","title":{"rendered":"APPEL \u00c0 CANDIDATURES : R\u00e9sidence de l&rsquo;Institut Fran\u00e7ais du Maroc"},"content":{"rendered":"\n<figure class=\"wp-block-image is-resized\"><img loading=\"lazy\" src=\"http:\/\/ayitimizik.net\/wp-content\/uploads\/2019\/07\/logo_maroc.png\" alt=\"\" class=\"wp-image-1407\" width=\"647\" height=\"353\"\/><\/figure>\n\n\n\n<p>L&rsquo;Institut Fran\u00e7ais du Maroc (IFM) lance la 8e \u00e9dition de ses&nbsp;r\u00e9sidences artistiques. Dans cet article, vous trouverez toutes les modalit\u00e9s de participation.<\/p>\n\n\n\n<p>Initi\u00e9 en 2012 par le r\u00e9seau de l&rsquo;IFM, les r\u00e9sidences se tiennent sur diff\u00e9rents sites : Agadir, T\u00e9touan, Casablanca, K\u00e9nitra, F\u00e8s, Mekn\u00e8s, Oujda et Tanger.<\/p>\n\n\n\n<p>Destin\u00e9s aux artistes francophones et ouverts \u00e0 toutes les formes d&rsquo;expression artistique, les r\u00e9sidences sont au service de la cr\u00e9ation contemporaine, de la coop\u00e9ration culturelle et du partage entre les participants et le public de l&rsquo;IFM, \u00e0 travers des restitutions et ateliers pr\u00e9vus \u00e0 l&rsquo;occasion des r\u00e9sidences.<\/p>\n\n\n\n<p><strong>Modalit\u00e9s de participation<\/strong><\/p>\n\n\n\n<p>Pour prendre part aux r\u00e9sidences, les artistes sont pri\u00e9s de remplir&nbsp;<a href=\"https:\/\/if-maroc.org\/appel-a-candidatures\/\" target=\"_blank\" rel=\"noreferrer noopener\">ce formulaire<\/a>. Il devront joindre :<\/p>\n\n\n\n<ul><li>Un CV actualis\u00e9<\/li><li>Un portfolio<\/li><li>Une pr\u00e9sentation du projet sur lequel ils voudraient travailler<\/li><li>Un lien vers la vid\u00e9o d&rsquo;une ancienne cr\u00e9ation<\/li><\/ul>\n\n\n\n<p><strong>N.B :&nbsp;<\/strong>les dossiers seront re\u00e7us jusqu&rsquo;au&nbsp;<strong>15 ao\u00fbt 2019<\/strong>.<\/p>\n\n\n\n<p><strong>Processus de s\u00e9lection<\/strong><\/p>\n\n\n\n<p>Les projets seront analys\u00e9s par les reponsables du programme et par les sites de r\u00e9sidence sollicit\u00e9s par les candidats, pour s&rsquo;assurer de leur bonne ad\u00e9quation avec le contexte local.<\/p>\n\n\n\n<p>Les candidats retenus seront ensuite contact\u00e9s par mail.<\/p>\n\n\n\n<p><strong>Condiditons d&rsquo;accueil<\/strong><\/p>\n\n\n\n<p>L&rsquo;h\u00e9bergement, le transport et&nbsp;la prise en charge des participants et assur\u00e9e par l&rsquo;IFM durant toute la p\u00e9riode de r\u00e9sidence qui ne devrait pas exc\u00e9der 3 semaines.<\/p>\n\n\n\n<p>Le temps d&rsquo;accueil en r\u00e9sidence est d\u00e9fini sur propostion des artistes en fonction de leur projet et&nbsp;suivant&nbsp;la disponibilit\u00e9 du site sollicit\u00e9.<\/p>\n\n\n\n<p>L&rsquo;IFM propose un accueil de qualit\u00e9 aux artistes.<\/p>\n\n\n\n<p><strong>\u00c0 propos de l&rsquo;Institut Fran\u00e7ais du Maroc<\/strong><\/p>\n\n\n\n<p>L\u2019Institut fran\u00e7ais du Maroc (IFM) appartient au r\u00e9seau culturel de la France \u00e0 l\u2019\u00e9tranger. Il a son si\u00e8ge \u00e0 Rabat et comporte 12 antennes dans les villes de Casablanca, Tanger, Marrakech, Rabat, F\u00e8s, Mekn\u00e8s, T\u00e9touan, Oujda, Essaouira, Agadir, K\u00e9nitra et El Jadida.<\/p>\n\n\n\n<p>Cet \u00e9tablissement constitue la principale plateforme de dialogue entre la France et le Maroc dans les domaines de la culture et du savoir.<\/p>\n\n\n\n<p>Source : <a href=\"https:\/\/www.musicinafrica.net\/fr\/magazine\/appel-candidatures-residences-de-linstitut-francais-du-maroc\">MusicinAfrica<\/a><\/p>\n\n\n\n<p><\/p>\n","protected":false},"excerpt":{"rendered":"<p>L&rsquo;Institut Fran\u00e7ais du Maroc (IFM) lance la 8e \u00e9dition de ses&nbsp;r\u00e9sidences artistiques. Dans cet article, vous trouverez toutes les modalit\u00e9s de participation. Initi\u00e9 en 2012 par le r\u00e9seau de l&rsquo;IFM, les r\u00e9sidences se tiennent sur diff\u00e9rents sites : Agadir, T\u00e9touan, &hellip; <a href=\"http:\/\/ayitimizik.net\/index.php\/2019\/07\/05\/appel-a-candidatures-residence-de-linstitut-francais-du-maroc\/\">Continuer la lecture <span class=\"meta-nav\">&rarr;<\/span><\/a><\/p>\n","protected":false},"author":2,"featured_media":0,"comment_status":"closed","ping_status":"closed","sticky":false,"template":"","format":"standard","meta":[],"categories":[6,17],"tags":[],"_links":{"self":[{"href":"http:\/\/ayitimizik.net\/index.php\/wp-json\/wp\/v2\/posts\/1405"}],"collection":[{"href":"http:\/\/ayitimizik.net\/index.php\/wp-json\/wp\/v2\/posts"}],"about":[{"href":"http:\/\/ayitimizik.net\/index.php\/wp-json\/wp\/v2\/types\/post"}],"author":[{"embeddable":true,"href":"http:\/\/ayitimizik.net\/index.php\/wp-json\/wp\/v2\/users\/2"}],"replies":[{"embeddable":true,"href":"http:\/\/ayitimizik.net\/index.php\/wp-json\/wp\/v2\/comments?post=1405"}],"version-history":[{"count":2,"href":"http:\/\/ayitimizik.net\/index.php\/wp-json\/wp\/v2\/posts\/1405\/revisions"}],"predecessor-version":[{"id":1408,"href":"http:\/\/ayitimizik.net\/index.php\/wp-json\/wp\/v2\/posts\/1405\/revisions\/1408"}],"wp:attachment":[{"href":"http:\/\/ayitimizik.net\/index.php\/wp-json\/wp\/v2\/media?parent=1405"}],"wp:term":[{"taxonomy":"category","embeddable":true,"href":"http:\/\/ayitimizik.net\/index.php\/wp-json\/wp\/v2\/categories?post=1405"},{"taxonomy":"post_tag","embeddable":true,"href":"http:\/\/ayitimizik.net\/index.php\/wp-json\/wp\/v2\/tags?post=1405"}],"curies":[{"name":"wp","href":"https:\/\/api.w.org\/{rel}","templated":true}]}}