{"id":1400,"date":"2019-07-04T18:17:48","date_gmt":"2019-07-04T16:17:48","guid":{"rendered":"http:\/\/ayitimizik.net\/?p=1400"},"modified":"2019-07-04T18:32:53","modified_gmt":"2019-07-04T16:32:53","slug":"appel-a-candidatures-institut-francais-cite-internationale-des-arts-programme-de-residences-2020","status":"publish","type":"post","link":"http:\/\/ayitimizik.net\/index.php\/2019\/07\/04\/appel-a-candidatures-institut-francais-cite-internationale-des-arts-programme-de-residences-2020\/","title":{"rendered":"APPEL \u00c0 CANDIDATURES :  INSTITUT FRAN\u00c7AIS &#8211; CIT\u00c9 INTERNATIONALE DES ARTS  Programme de r\u00e9sidences 2020"},"content":{"rendered":"\n<table class=\"wp-block-table\"><tbody><tr><td>L\u2019<a href=\"http:\/\/r.email.ifprofs.org\/mk\/cl\/f\/bzDiwheSw5OCOHYyWOKFfj2VHikcv2rwY5TIRKvviCFa2bqviOZuKaHADAlmmS_A6ekF2-dsV5-3x733TO-MsShhrVwoustTCwcHP0gYdo78IsVUgoaHSsGB6arf5Uen7E0zoeM75ysOaYaerdgG9fJmcKcZnZzLTx3FYLo4ZdOC\">Institut fran\u00e7ais<\/a>\u00a0lance l\u2019appel \u00e0 candidatures 2020 pour son programme de r\u00e9sidences \u00e0 la\u00a0<a href=\"http:\/\/r.email.ifprofs.org\/mk\/cl\/f\/-qedhMkOt5YKzIh4S0NIVY1FFinzAavBZt8pdTDb1gLHS8LwJ9Zovb3pvGiJpv9fAAMwkSBJPHgPn07gLaGnBAHbFeHooxCJnRUS8AKnVtQCMnXoB-vX81tchiSF8umCMsmdB2H1udPkH8cofKrffG7IdCs6WRYkDuKYuQ\">Cit\u00e9 internationale des arts<\/a>\u00a0\u00e0 Paris. L\u2019appel est ouvert jusqu\u2019au\u00a0<strong>30 ao\u00fbt 2019, inclus.<\/strong><em>The Institut fran\u00e7ais launches its 2020 call for applications for the residency programme to be held at the Cit\u00e9 internationale des arts in Paris. The call for entries is open until\u00a0<\/em><strong><em>August 30th, 2019, included.<\/em><\/strong>\u00a0<br><strong>\u00c0 QUI S&rsquo;ADRESSE LE PROGRAMME ?<\/strong>\u00a0<strong>\/<\/strong>\u00a0<em>FOR WHOM IS THE PROGRAME INTENDED?\u00a0<\/em>\u00a0Ce programme s\u2019adresse aux artistes \u00e9trangers qui souhaitent d\u00e9velopper un projet de recherche et de cr\u00e9ation \u00e0 Paris, pendant une dur\u00e9e de trois ou six mois, et qui sont soutenus par un ou plusieurs partenaires culturels.\u00a0Ces partenaires associ\u00e9s \u00e0 l\u2019artiste peuvent \u00eatre des\u00a0<strong>\u00e9tablissements du r\u00e9seau culturel fran\u00e7ais \u00e0 l\u2019\u00e9tranger et\/ou des structures culturelles fran\u00e7aises ou \u00e9trang\u00e8res.<\/strong><em>This programme is intended for foreign artists wishing to develop a research and creation project in Paris, for a period of three or six months, supported by one or several cultural partners.\u00a0The partners associated with the artist may be\u00a0<\/em><strong><em>establishments from the French Cultural Network Abroadand\/or\u00a0French or foreign cultural bodies.<\/em><\/strong>\u00a0<br><strong>DISCIPLINES \/\u00a0<\/strong><em>DISCIPLINES\u00a0<\/em>\u00a0Les artistes peuvent pr\u00e9senter un projet de recherche sur un sujet\/une th\u00e9matique de leur choix,\u00a0toutes disciplines confondues.\u00a0<em>Artists may present a research project on a topic\/theme of their choice, all disciplines included.\u00a0\u00a0<\/em>\u00a0<br><strong>CALENDRIER \/\u00a0<\/strong><em>CALENDAR<\/em><br>Appel \u00e0 candidatures \/<em>\u00a0Call for applications :\u00a0<\/em><strong>26 juin 2019 \/\u00a0<em>June 26th, 2019<\/em><\/strong><br>Date de cl\u00f4ture \/\u00a0<em>Submission deadline :\u00a0<\/em><strong>30 ao\u00fbt 2019 \/\u00a0<em>August 30th, 2019<\/em><\/strong><br>S\u00e9lection des dossiers \/\u00a0<em>Selection committee :\u00a0<\/em><strong>Fin septembre 2019 \/\u00a0<em>End of September 2019<\/em><\/strong><br>Annonce des r\u00e9sultats \/<em>\u00a0Notification of results :\u00a0<\/em><strong>Octobre 2019 \/\u00a0<em>October 2019<\/em><\/strong><br>D\u00e9but des r\u00e9sidences \/\u00a0<em>Beginning of residencies :\u00a0<\/em><strong>\u00e0 partir de janvier 2020 \/\u00a0<\/strong><em><strong>from January 2020<\/strong><\/em><br>\u00a0\u00a0\u00a0\u00a0<\/td><\/tr><tr><td>&nbsp;<a href=\"http:\/\/r.email.ifprofs.org\/mk\/cl\/f\/iX-1Cvc1DVGNq3xSIuZGflrHbk2mC59p64nfQnJbvPe7Yy30NrTTWb92g2d-52R5sCTuY8WX0xdcXV0r_6ghJTEw8PZ3r4UHchVuWC-6W_E77Xc82juYZH6NJ-IEox2uW6QflFOqYFJ8alsRCbTAGPcbz26P6dHi0PLMKS2lpXQsoUY6eBWimvuSxQC59bqG_Bumkhn2eEWT0ZHq7SSKoaQux-zf0aeqZFTfGwCYAsY9-KOyHwaW9qLdLss\"><strong>Consulter l&rsquo;appel \u00e0 candidatures complet<\/strong><\/a><a href=\"http:\/\/r.email.ifprofs.org\/mk\/cl\/f\/lb1mj8S6hII3zijiNlOuCE2U_XdF4twxfflKsXZVR7xq-CdxxNBR6khns6RJNzZhwvNdogQ0wf-D7M1HPjuUQTIWfyK7BIhtz2gcj1xbdf7QRKU1C7BGiych3_oY3f4cDqjgtPAPPkt0_6cpGLH8dJHaJH9b_AlveNso1Cx2GMq63XUoO-oliD6rqBIzm7V3X5zuudwRKrTSUvG-ZlJCkUOhWPtlluARnsUXtdHFPRI0-_l2YSvPb9p_pdVGRG0fKvM\"><em>See the call for applications<\/em><\/a>&nbsp;<\/td><\/tr><tr><td>&nbsp;<a href=\"http:\/\/r.email.ifprofs.org\/mk\/cl\/f\/wHNQsndYWWlUvmVKE8J-QqlB8d3Q68udKmrhV3lintd39AbJUot7aeprLdJqSCyls6js8gFfjEBysA1bF6V9Pq4oyZ1KkKXroqx8MXl9f0zvrSxWaZMJRjqa6kr6nFmoW9wSu7voKpVEYSwT7dfkcUNWPs5Cb6Dm8i6Z14fhgveKGfUcjnc6-v2TqzCfeNLDRNXGDFuQcmYE8Bjb-cqfC3ll1N4hphTOgMAe0kTHVBkxStdlk4xqd3-M5sc_H1SylvLpfJlrpe_3DtFmXzqUHCcQVw-MYfdN0jln30OPrK8JeCw\" target=\"_blank\" rel=\"noreferrer noopener\"><strong>POSTULER&nbsp;<\/strong><em>\/ APPLY<\/em><\/a>&nbsp;<\/td><\/tr><tr><td>&nbsp;<strong>\u00c0 PROPOS \/&nbsp;<\/strong><em>ABOUT<\/em>&nbsp;Depuis sa cr\u00e9ation en 1965, la&nbsp;<a href=\"http:\/\/r.email.ifprofs.org\/mk\/cl\/f\/1CaPB4r3goMYPOPnH7mkVbF7E9GGQFv5WIzhmsrzknBoiNHQQdxEQf7XWlhQO3VMoCVonKssa6jjXUaZZPNu0xXSvnfbN4ZkYnLULJAt3GRO8WavMbK3gVcV4Jzy5FnYoeonkB51brcsLHvVOmPKaW9jlede0Lf8H50XGqHKFiA\">Cit\u00e9 internationale des arts<\/a>&nbsp;accueille en r\u00e9sidence des artistes du monde entier. C\u2019est un lieu de vie ouvert au dialogue entre les cultures, o\u00f9 les artistes rencontrent leurs publics et des professionnels. En partenariat avec 135 organismes fran\u00e7ais et internationaux, elle accueille chaque mois plus de 300 artistes de toutes disciplines, g\u00e9n\u00e9rations et horizons.<br><em>Since its creation in 1965, the Cit\u00e9 internationale des arts has welcomed artists from all over the world. It is a place of life open to dialogue between cultures, where artists meet their audiences and professionals. In partnership with 135 French and international organizations, it welcomes each month more than 300 artists from all disciplines, generations and horizons.<\/em><br><br>L\u2019<a href=\"http:\/\/r.email.ifprofs.org\/mk\/cl\/f\/NhEX-txATjUgjUiVDkVrFv60fOw6k0Z6gBT-KRtcSRD4br1BF-b8Ad9QISzvY6vUikBsq4LYN1v559HXmyg0w2x3gTpvrrV3pGV9DZufiOp2yDLybLv282ITVanpMj8iwvi6LXEJ-S_6_ejTnE_2GdTou8GIj-TQ_wrJBQTtG0RtXQ\">Institut fran\u00e7ais<\/a>, avec le soutien et par d\u00e9l\u00e9gation du minist\u00e8re de la Culture et du minist\u00e8re de l\u2019Europe et des Affaires \u00e9trang\u00e8res souscripteurs d\u2019ateliers \u00e0 la Cit\u00e9 internationale des arts, permet chaque ann\u00e9e \u00e0 pr\u00e8s de 70 artistes de b\u00e9n\u00e9ficier d\u2019une r\u00e9sidence au c\u0153ur de Paris.<br><em>The Institut fran\u00e7ais, with the support and delegation of the French Ministry of Culture and the French Ministry for Europe and Foreign Affairs, subscribers of studios at the Cit\u00e9 internationale des arts, allows nearly 70 artists each year to benefit from a residency in the heart of Paris.<\/em>&nbsp;<\/td><\/tr><tr><td>Plus d&rsquo;infos:<a href=\"http:\/\/www.institutfrancais.com\/\">www.institutfrancais.com<\/a><\/td><\/tr><tr><td><br><\/td><\/tr><\/tbody><\/table>\n\n\n\n<figure class=\"wp-block-image is-resized\"><img loading=\"lazy\" src=\"http:\/\/ayitimizik.net\/wp-content\/uploads\/2019\/07\/Institut-cit\u00e9desarts.jpg\" alt=\"\" class=\"wp-image-1403\" width=\"704\" height=\"327\"\/><\/figure>\n","protected":false},"excerpt":{"rendered":"<p>L\u2019Institut fran\u00e7ais\u00a0lance l\u2019appel \u00e0 candidatures 2020 pour son programme de r\u00e9sidences \u00e0 la\u00a0Cit\u00e9 internationale des arts\u00a0\u00e0 Paris. L\u2019appel est ouvert jusqu\u2019au\u00a030 ao\u00fbt 2019, inclus.The Institut fran\u00e7ais launches its 2020 call for applications for the residency programme to be held at &hellip; <a href=\"http:\/\/ayitimizik.net\/index.php\/2019\/07\/04\/appel-a-candidatures-institut-francais-cite-internationale-des-arts-programme-de-residences-2020\/\">Continuer la lecture <span class=\"meta-nav\">&rarr;<\/span><\/a><\/p>\n","protected":false},"author":2,"featured_media":0,"comment_status":"closed","ping_status":"closed","sticky":false,"template":"","format":"standard","meta":[],"categories":[6,17],"tags":[],"_links":{"self":[{"href":"http:\/\/ayitimizik.net\/index.php\/wp-json\/wp\/v2\/posts\/1400"}],"collection":[{"href":"http:\/\/ayitimizik.net\/index.php\/wp-json\/wp\/v2\/posts"}],"about":[{"href":"http:\/\/ayitimizik.net\/index.php\/wp-json\/wp\/v2\/types\/post"}],"author":[{"embeddable":true,"href":"http:\/\/ayitimizik.net\/index.php\/wp-json\/wp\/v2\/users\/2"}],"replies":[{"embeddable":true,"href":"http:\/\/ayitimizik.net\/index.php\/wp-json\/wp\/v2\/comments?post=1400"}],"version-history":[{"count":3,"href":"http:\/\/ayitimizik.net\/index.php\/wp-json\/wp\/v2\/posts\/1400\/revisions"}],"predecessor-version":[{"id":1404,"href":"http:\/\/ayitimizik.net\/index.php\/wp-json\/wp\/v2\/posts\/1400\/revisions\/1404"}],"wp:attachment":[{"href":"http:\/\/ayitimizik.net\/index.php\/wp-json\/wp\/v2\/media?parent=1400"}],"wp:term":[{"taxonomy":"category","embeddable":true,"href":"http:\/\/ayitimizik.net\/index.php\/wp-json\/wp\/v2\/categories?post=1400"},{"taxonomy":"post_tag","embeddable":true,"href":"http:\/\/ayitimizik.net\/index.php\/wp-json\/wp\/v2\/tags?post=1400"}],"curies":[{"name":"wp","href":"https:\/\/api.w.org\/{rel}","templated":true}]}}