{"id":1396,"date":"2019-05-13T15:35:53","date_gmt":"2019-05-13T13:35:53","guid":{"rendered":"http:\/\/ayitimizik.net\/?p=1396"},"modified":"2019-05-13T15:35:53","modified_gmt":"2019-05-13T13:35:53","slug":"appel-a-candidatures-visa-pour-la-creation-2019","status":"publish","type":"post","link":"http:\/\/ayitimizik.net\/index.php\/2019\/05\/13\/appel-a-candidatures-visa-pour-la-creation-2019\/","title":{"rendered":"APPEL \u00c0 CANDIDATURES : Visa pour la Cr\u00e9ation 2019"},"content":{"rendered":"\n<p><a href=\"https:\/\/www.musicinafrica.net\/fr\/user\/login?destination=node\/72200\">Follow<\/a><\/p>\n\n\n\n<figure class=\"wp-block-image is-resized\"><img src=\"http:\/\/ayitimizik.net\/wp-content\/uploads\/2019\/05\/IF-1024x614.jpg\" alt=\"\" class=\"wp-image-1397\" width=\"950\" srcset=\"http:\/\/ayitimizik.net\/wp-content\/uploads\/2019\/05\/IF-1024x614.jpg 1024w, http:\/\/ayitimizik.net\/wp-content\/uploads\/2019\/05\/IF-705x423.jpg 705w, http:\/\/ayitimizik.net\/wp-content\/uploads\/2019\/05\/IF-768x461.jpg 768w, http:\/\/ayitimizik.net\/wp-content\/uploads\/2019\/05\/IF-500x300.jpg 500w, http:\/\/ayitimizik.net\/wp-content\/uploads\/2019\/05\/IF.jpg 2000w\" sizes=\"(max-width: 1024px) 100vw, 1024px\" \/><\/figure>\n\n\n\n<p>Le r\u00e9seau des Instituts Fran\u00e7ais lance un appel \u00e0 candidatures pour des r\u00e9sidences de cr\u00e9ation artistique en France. Il est adress\u00e9 aux cr\u00e9ateurs africains et carib\u00e9ens.<\/p>\n\n\n\n<p>Visas pour la Cr\u00e9ation est un dispositif du programme \u00ab Afrique et Cara\u00efbes en cr\u00e9ations \u00bb. Il a pour objectif d\u2019accompagner l\u2019\u00e9mergence artistique en Afrique et dans les Cara\u00efbes, gr\u00e2ce \u00e0 des r\u00e9sidences en France m\u00e9tropolitaine et dans les r\u00e9gions d\u2019outre-mer pour permettre&nbsp;aux b\u00e9n\u00e9ficiaires de d\u00e9velopper un projet de cr\u00e9ation ou de recherche.<\/p>\n\n\n\n<p>Ce dispositif s&rsquo;adresse aux&nbsp;artistes et commissaires r\u00e9sidant en Afrique ou dans les Cara\u00efbes, justifiant d\u2019une exp\u00e9rience professionnelledans le domaine artistique et qui ont besoin, pour d\u00e9velopper leur cr\u00e9ation ou leur carri\u00e8re, d\u2019un temps de r\u00e9sidence de 2 mois en France dans une structure professionnelle (type CCN, CDCN, Sc\u00e8ne Nationale, CDN, Centres d\u2019art, SMAC, etc.), un lieu partenaire de l\u2019Institut Fran\u00e7ais (Cit\u00e9 Internationale des Arts) ou en lien avec un programme de r\u00e9sidence d\u2019une collectivit\u00e9 territoriale.<\/p>\n\n\n\n<p>L&rsquo;appel est ouvert aux candidats suivants :<\/p>\n\n\n\n<ul><li>Les artistes africains qui proposent un projet de r\u00e9sidence se d\u00e9roulant en France.<\/li><li>Les artistes carib\u00e9ens (Cara\u00efbe insulaire seulement) qui proposent un projet de r\u00e9sidence se d\u00e9roulant : en France m\u00e9tropolitaine et dans les D\u00e9partements Fran\u00e7ais d\u2019Am\u00e9rique (DFA).<\/li><\/ul>\n\n\n\n<p>Il concerne les disciplines suivantes : arts visuels, photographie, arts num\u00e9riques, architecture, design, m\u00e9tiers d\u2019art, mode, th\u00e9\u00e2tre, danse, arts du cirque, de la rue et de la marionnette, musiques et projets pluridisciplinaires.<\/p>\n\n\n\n<p>La date limite de d\u00e9p\u00f4t de candidature est fix\u00e9e au&nbsp;<strong>31&nbsp;mai 2019<\/strong>.<\/p>\n\n\n\n<p><strong>Modalit\u00e9s de participation :<\/strong><\/p>\n\n\n\n<p>Toute personne d\u00e9sireuse de soumettre sa candidature au pr\u00e9sent appel, est pri\u00e9e de s&rsquo;inscrire&nbsp;<a href=\"http:\/\/ifprog.institutfrancais.com\/en\/login\" target=\"_blank\" rel=\"noreferrer noopener\">ici<\/a>.<\/p>\n\n\n\n<p>Les demandeurs devraient par ailleurs pr\u00e9parer :<\/p>\n\n\n\n<ul><li>Leur&nbsp;Curriculum Vitae.<\/li><li>Une pr\u00e9sentation d\u00e9taill\u00e9e de leur projet artistique.<\/li><li>La lettre d&rsquo;invitation d&rsquo;une structure d&rsquo;accueil en France.<\/li><li>Une d\u00e9claration sur l&rsquo;honneur.<\/li><\/ul>\n\n\n\n<p><strong>Contact :<\/strong><\/p>\n\n\n\n<p><em>Pour tout renseignement au sujet de l&rsquo;appel, veuillez contacter Jimmy Berth\u00e9<strong>, c<\/strong>oordinateur g\u00e9n\u00e9ral du programme Afrique et Cara\u00efbes en cr\u00e9ations, \u00e0 l&rsquo;adresse email :<\/em>&nbsp;<em><strong><a href=\"mailto:jimmy.berthe@institutfrancais.com\">jimmy.berthe@institutfrancais.com<\/a><\/strong><\/em><strong>.<\/strong><\/p>\n\n\n\n<p><em>Consulter l&rsquo;appel original&nbsp;<a href=\"https:\/\/www.pro.institutfrancais.com\/en\/programmes-and-projects\/visas-for-creation?fbclid=IwAR2PBDFxKzX8I4xS2MkTbzh7kvAyTyCqU5m5JPFe5Rc3cfKi0O4fxeeLQHg\" target=\"_blank\" rel=\"noreferrer noopener\">ici<\/a><\/em><strong>.<\/strong><\/p>\n\n\n\n<p>Source : <a href=\"https:\/\/www.musicinafrica.net\/fr\/magazine\/appel-candidatures-visas-pour-la-creation\">Musicinafrica.net<\/a><\/p>\n","protected":false},"excerpt":{"rendered":"<p>Follow Le r\u00e9seau des Instituts Fran\u00e7ais lance un appel \u00e0 candidatures pour des r\u00e9sidences de cr\u00e9ation artistique en France. Il est adress\u00e9 aux cr\u00e9ateurs africains et carib\u00e9ens. Visas pour la Cr\u00e9ation est un dispositif du programme \u00ab Afrique et Cara\u00efbes &hellip; <a href=\"http:\/\/ayitimizik.net\/index.php\/2019\/05\/13\/appel-a-candidatures-visa-pour-la-creation-2019\/\">Continuer la lecture <span class=\"meta-nav\">&rarr;<\/span><\/a><\/p>\n","protected":false},"author":2,"featured_media":0,"comment_status":"closed","ping_status":"closed","sticky":false,"template":"","format":"standard","meta":[],"categories":[6,17],"tags":[],"_links":{"self":[{"href":"http:\/\/ayitimizik.net\/index.php\/wp-json\/wp\/v2\/posts\/1396"}],"collection":[{"href":"http:\/\/ayitimizik.net\/index.php\/wp-json\/wp\/v2\/posts"}],"about":[{"href":"http:\/\/ayitimizik.net\/index.php\/wp-json\/wp\/v2\/types\/post"}],"author":[{"embeddable":true,"href":"http:\/\/ayitimizik.net\/index.php\/wp-json\/wp\/v2\/users\/2"}],"replies":[{"embeddable":true,"href":"http:\/\/ayitimizik.net\/index.php\/wp-json\/wp\/v2\/comments?post=1396"}],"version-history":[{"count":1,"href":"http:\/\/ayitimizik.net\/index.php\/wp-json\/wp\/v2\/posts\/1396\/revisions"}],"predecessor-version":[{"id":1398,"href":"http:\/\/ayitimizik.net\/index.php\/wp-json\/wp\/v2\/posts\/1396\/revisions\/1398"}],"wp:attachment":[{"href":"http:\/\/ayitimizik.net\/index.php\/wp-json\/wp\/v2\/media?parent=1396"}],"wp:term":[{"taxonomy":"category","embeddable":true,"href":"http:\/\/ayitimizik.net\/index.php\/wp-json\/wp\/v2\/categories?post=1396"},{"taxonomy":"post_tag","embeddable":true,"href":"http:\/\/ayitimizik.net\/index.php\/wp-json\/wp\/v2\/tags?post=1396"}],"curies":[{"name":"wp","href":"https:\/\/api.w.org\/{rel}","templated":true}]}}