{"id":1392,"date":"2019-04-24T22:43:13","date_gmt":"2019-04-24T20:43:13","guid":{"rendered":"http:\/\/ayitimizik.net\/?p=1392"},"modified":"2019-04-24T22:43:13","modified_gmt":"2019-04-24T20:43:13","slug":"appel-a-candidatures-sejour-culture-en-france","status":"publish","type":"post","link":"http:\/\/ayitimizik.net\/index.php\/2019\/04\/24\/appel-a-candidatures-sejour-culture-en-france\/","title":{"rendered":"APPEL \u00c0 CANDIDATURES : \u00ab\u00a0S\u00e9jour culture\u00a0\u00bb en France"},"content":{"rendered":"\n<ul class=\"wp-block-gallery columns-1 is-cropped\"><li class=\"blocks-gallery-item\"><figure><img loading=\"lazy\" width=\"428\" height=\"550\" src=\"http:\/\/ayitimizik.net\/wp-content\/uploads\/2019\/04\/Ministereculture.jpg\" alt=\"\" data-id=\"1393\" data-link=\"http:\/\/ayitimizik.net\/?attachment_id=1393\" class=\"wp-image-1393\" srcset=\"http:\/\/ayitimizik.net\/wp-content\/uploads\/2019\/04\/Ministereculture.jpg 428w, http:\/\/ayitimizik.net\/wp-content\/uploads\/2019\/04\/Ministereculture-329x423.jpg 329w, http:\/\/ayitimizik.net\/wp-content\/uploads\/2019\/04\/Ministereculture-233x300.jpg 233w\" sizes=\"(max-width: 428px) 100vw, 428px\" \/><\/figure><\/li><\/ul>\n\n\n\n<p><em>Dans le cadre de ses programmes d\u2019accueil de professionnels de la culture \u00e9trangers, le minist\u00e8re de la Culture en France organise des stages semi-individualis\u00e9s et personnalis\u00e9s d\u2019une dur\u00e9e de 10 jours, intitul\u00e9s \u00ab&nbsp;S\u00e9jour culture&nbsp;\u00bb et destin\u00e9s aux professionnels francophones \u00e9mergents ayant un projet pr\u00e9cis avec la France.<\/em><\/p>\n\n\n\n<p><em>Ce programme se d\u00e9roulera du 12 au 22 novembre 2019.<\/em><\/p>\n\n\n\n<p>Les \u00ab&nbsp;S\u00e9jour culture&nbsp;\u00bb, qui se d\u00e9rouleront du 12 au 22 novembre 2019 (inclus), sont de courts s\u00e9jours individualis\u00e9s ou semi-individualis\u00e9s permettant aux professionnels \u00e9trangers de b\u00e9n\u00e9ficier de rencontres et de rendez-vous avec des professionnels fran\u00e7ais de tous les secteurs culturels.<\/p>\n\n\n\n<p>Ce programme s\u2019adresse \u00e0 des&nbsp;<strong>professionnels francophones confirm\u00e9s<\/strong>&nbsp;du secteur culturel.&nbsp;<\/p>\n\n\n\n<p>Il se donne pour objectif d\u2019apporter \u00e0 ces professionnels \u00e9trangers une exp\u00e9rience des politiques culturelles fran\u00e7aises et un r\u00e9seau d\u2019interlocuteurs professionnels en lien avec leur projet de leur champ d\u2019activit\u00e9, un approfondissement de leurs connaissances et des informations sur les outils utiles au d\u00e9veloppement de leurs comp\u00e9tences et \u00e0 la r\u00e9alisation de leur projet professionnel. Il s\u2019articule autour des th\u00e8mes g\u00e9n\u00e9raux suivants&nbsp;:<\/p>\n\n\n\n<p>&#8211;&nbsp;&nbsp;&nbsp;&nbsp;&nbsp;&nbsp;&nbsp;&nbsp;&nbsp;<strong>Spectacle vivant<\/strong><\/p>\n\n\n\n<p>&#8211;&nbsp;&nbsp;&nbsp;&nbsp;&nbsp;&nbsp;&nbsp;&nbsp;&nbsp;<strong>Arts visuels, design, mode et m\u00e9tiers d\u2019art et cr\u00e9ation num\u00e9rique<\/strong><\/p>\n\n\n\n<p>&#8211;&nbsp;&nbsp;&nbsp;&nbsp;&nbsp;&nbsp;&nbsp;&nbsp;&nbsp;<strong>Patrimoine b\u00e2ti et qualit\u00e9 architecturale<\/strong><\/p>\n\n\n\n<p>&#8211;&nbsp;&nbsp;&nbsp;&nbsp;&nbsp;&nbsp;&nbsp;&nbsp;&nbsp;<strong>Livre<\/strong><\/p>\n\n\n\n<p>&#8211;&nbsp;&nbsp;&nbsp;&nbsp;&nbsp;&nbsp;&nbsp;&nbsp;&nbsp;<strong>Industries culturelles et cr\u00e9atives<\/strong><\/p>\n\n\n\n<p>A noter que le minist\u00e8re de la Culture prend en charge&nbsp;:<\/p>\n\n\n\n<p>&#8211;&nbsp;&nbsp;&nbsp;&nbsp;&nbsp;&nbsp;&nbsp;&nbsp;&nbsp;Les frais de s\u00e9jour en France des professionnels \u00e9trangers (h\u00e9bergement, restauration)&nbsp;;<\/p>\n\n\n\n<p>&#8211;&nbsp;&nbsp;&nbsp;&nbsp;&nbsp;&nbsp;&nbsp;&nbsp;&nbsp;Les d\u00e9placements en France&nbsp;;<\/p>\n\n\n\n<p>&#8211;&nbsp;&nbsp;&nbsp;&nbsp;&nbsp;&nbsp;&nbsp;&nbsp;&nbsp;La couverture sociale&nbsp;;<\/p>\n\n\n\n<p>&#8211;&nbsp;&nbsp;&nbsp;&nbsp;&nbsp;&nbsp;&nbsp;&nbsp;&nbsp;Les frais p\u00e9dagogiques.<\/p>\n\n\n\n<p>La prise en charge du<strong>&nbsp;transport du pays de r\u00e9sidence vers la France<\/strong>&nbsp;sera \u00e0 la charge des candidats, de leur employeur, ou d&rsquo;autres partenaires.<\/p>\n\n\n\n<p>Le dossier de candidature et tous les \u00e9l\u00e9ments de pr\u00e9sentation sont t\u00e9l\u00e9chargeables sur le site du minist\u00e8re de la Culture \u00e0 l\u2019adresse&nbsp;:&nbsp;<a href=\"http:\/\/www.culturecommunication.gouv.fr\/politiques-ministerielles\/Europe-et-international\/accueil-et-formation\">www.culturecommunication.gouv.fr\/politiques-ministerielles\/Europe-et-international\/accueil-et-formation<\/a><\/p>\n\n\n\n<p>Les demandes de renseignement peuvent \u00eatre adress\u00e9es \u00e0 l\u2019adresse&nbsp;<a href=\"mailto:contact-international@culture.gouv.fr\">contact-international@culture.gouv.fr<\/a>&nbsp;ou \u00e0 Nicolas Br\u00e9and, coordonnateur des programmes \u00ab\u00a0S\u00e9jour Culture\u00a0\u00bb<\/p>\n\n\n\n<p><strong>Les candidatures doivent \u00eatre d\u00e9pos\u00e9es \u00e0 l\u2019Institut Fran\u00e7ais en Ha\u00efti au plus tard le 11 juin 2019. Aucun d\u00e9lai suppl\u00e9mentaire ne sera accord\u00e9. Ce d\u00e9p\u00f4t \u00e0 l\u2019IFH est la proc\u00e9dure obligatoire.<\/strong><\/p>\n\n\n\n<figure class=\"wp-block-image\"><img alt=\"\"\/><\/figure>\n","protected":false},"excerpt":{"rendered":"<p>Dans le cadre de ses programmes d\u2019accueil de professionnels de la culture \u00e9trangers, le minist\u00e8re de la Culture en France organise des stages semi-individualis\u00e9s et personnalis\u00e9s d\u2019une dur\u00e9e de 10 jours, intitul\u00e9s \u00ab&nbsp;S\u00e9jour culture&nbsp;\u00bb et destin\u00e9s aux professionnels francophones \u00e9mergents &hellip; <a href=\"http:\/\/ayitimizik.net\/index.php\/2019\/04\/24\/appel-a-candidatures-sejour-culture-en-france\/\">Continuer la lecture <span class=\"meta-nav\">&rarr;<\/span><\/a><\/p>\n","protected":false},"author":2,"featured_media":0,"comment_status":"closed","ping_status":"closed","sticky":false,"template":"","format":"standard","meta":[],"categories":[6,16],"tags":[],"_links":{"self":[{"href":"http:\/\/ayitimizik.net\/index.php\/wp-json\/wp\/v2\/posts\/1392"}],"collection":[{"href":"http:\/\/ayitimizik.net\/index.php\/wp-json\/wp\/v2\/posts"}],"about":[{"href":"http:\/\/ayitimizik.net\/index.php\/wp-json\/wp\/v2\/types\/post"}],"author":[{"embeddable":true,"href":"http:\/\/ayitimizik.net\/index.php\/wp-json\/wp\/v2\/users\/2"}],"replies":[{"embeddable":true,"href":"http:\/\/ayitimizik.net\/index.php\/wp-json\/wp\/v2\/comments?post=1392"}],"version-history":[{"count":1,"href":"http:\/\/ayitimizik.net\/index.php\/wp-json\/wp\/v2\/posts\/1392\/revisions"}],"predecessor-version":[{"id":1394,"href":"http:\/\/ayitimizik.net\/index.php\/wp-json\/wp\/v2\/posts\/1392\/revisions\/1394"}],"wp:attachment":[{"href":"http:\/\/ayitimizik.net\/index.php\/wp-json\/wp\/v2\/media?parent=1392"}],"wp:term":[{"taxonomy":"category","embeddable":true,"href":"http:\/\/ayitimizik.net\/index.php\/wp-json\/wp\/v2\/categories?post=1392"},{"taxonomy":"post_tag","embeddable":true,"href":"http:\/\/ayitimizik.net\/index.php\/wp-json\/wp\/v2\/tags?post=1392"}],"curies":[{"name":"wp","href":"https:\/\/api.w.org\/{rel}","templated":true}]}}