{"id":1382,"date":"2019-04-05T17:50:49","date_gmt":"2019-04-05T15:50:49","guid":{"rendered":"http:\/\/ayitimizik.net\/?p=1382"},"modified":"2019-04-05T17:53:10","modified_gmt":"2019-04-05T15:53:10","slug":"appel-a-candidatures-prix-decouvertes-rfi-2019","status":"publish","type":"post","link":"http:\/\/ayitimizik.net\/index.php\/2019\/04\/05\/appel-a-candidatures-prix-decouvertes-rfi-2019\/","title":{"rendered":"APPEL \u00c0 CANDIDATURES : Prix D\u00e9couvertes RFI 2019"},"content":{"rendered":"\n<figure class=\"wp-block-image is-resized\"><img loading=\"lazy\" src=\"http:\/\/ayitimizik.net\/wp-content\/uploads\/2019\/04\/RFI.png\" alt=\"\" class=\"wp-image-1384\" width=\"600\" height=\"312\" srcset=\"http:\/\/ayitimizik.net\/wp-content\/uploads\/2019\/04\/RFI.png 540w, http:\/\/ayitimizik.net\/wp-content\/uploads\/2019\/04\/RFI-500x260.png 500w\" sizes=\"(max-width: 600px) 100vw, 600px\" \/><\/figure>\n\n\n\n<p>Depuis 1981, le&nbsp;<em>Prix D\u00e9couvertes RFI<\/em>&nbsp;met en avant les nouveaux talents musicaux du continent africain. Au cours des ann\u00e9es, ce Prix a contribu\u00e9 au lancement de nombreux artistes qui ont depuis conquis un public international :&nbsp;<strong>Tiken Jah Fakoly<\/strong>&nbsp;(C\u00f4te d\u2019Ivoire),&nbsp;<strong>Amadou et Mariam<\/strong>(Mali),&nbsp;<strong>Rokia Traor\u00e9<\/strong>&nbsp;(Mali),&nbsp;<strong>Didier Awadi<\/strong>&nbsp;(S\u00e9n\u00e9gal),&nbsp;<strong>Soul Bang\u2019s<\/strong>&nbsp;(Guin\u00e9e),&nbsp;<strong>M\u2019Bouill\u00e9 Koit\u00e9<\/strong>&nbsp;(Mali) \u2026 Le chanteur rwandais&nbsp;<strong>Yvan Buravan<\/strong>&nbsp;a remport\u00e9 l\u2019\u00e9dition 2018 du&nbsp;<em>Prix D\u00e9couvertes RFI<\/em>.<\/p>\n\n\n\n<p>Son Jury, compos\u00e9 de professionnels, est chaque ann\u00e9e pr\u00e9sid\u00e9 par une personnalit\u00e9.&nbsp;De Fally Ipupa \u00e0 Jacob Desvarieux, Youssou N\u2019Dour, Ang\u00e9lique Kidjo, Richard Bona, Kery James ou Asalfo, les pr\u00e9sidents du&nbsp;<em>Prix D\u00e9couvertes RFI&nbsp;<\/em>apportent leur caution et leur exp\u00e9rience \u00e0 son rayonnement.&nbsp;<\/p>\n\n\n\n<p>Le laur\u00e9at b\u00e9n\u00e9ficie de 10&nbsp;000 euros, d\u2019une tourn\u00e9e en Afrique et d\u2019un concert \u00e0 Paris. RFI et ses partenaires sont des acteurs &nbsp;engag\u00e9s aupr\u00e8s du laur\u00e9at, ils lui offrent un soutien professionnel et une exposition m\u00e9diatique.<\/p>\n\n\n\n<p>Le&nbsp;<em>Prix D\u00e9couvertes RFI<\/em>&nbsp;est organis\u00e9 en partenariat avec L\u2019Institut fran\u00e7ais,&nbsp;l\u2019Organisation Internationale de la Francophonie, la Sacem et Ubiznews.<\/p>\n\n\n\n<p>R\u00e9glement \u00e0 t\u00e9l\u00e9charger&nbsp;<a href=\"https:\/\/musique.rfi.fr\/sites\/default\/files\/rfi_musique_prix_decouverte\/desktop\/reglement_prix_decouvertes_2019.pdf\">reglement_prix_decouvertes_2019.pdf<\/a><\/p>\n\n\n\n<p>Plus de renseignements <a href=\"https:\/\/musique.rfi.fr\/prix-decouvertes\/inscription\">ici<\/a><\/p>\n","protected":false},"excerpt":{"rendered":"<p>Depuis 1981, le&nbsp;Prix D\u00e9couvertes RFI&nbsp;met en avant les nouveaux talents musicaux du continent africain. Au cours des ann\u00e9es, ce Prix a contribu\u00e9 au lancement de nombreux artistes qui ont depuis conquis un public international :&nbsp;Tiken Jah Fakoly&nbsp;(C\u00f4te d\u2019Ivoire),&nbsp;Amadou et Mariam(Mali),&nbsp;Rokia &hellip; <a href=\"http:\/\/ayitimizik.net\/index.php\/2019\/04\/05\/appel-a-candidatures-prix-decouvertes-rfi-2019\/\">Continuer la lecture <span class=\"meta-nav\">&rarr;<\/span><\/a><\/p>\n","protected":false},"author":2,"featured_media":0,"comment_status":"closed","ping_status":"closed","sticky":false,"template":"","format":"standard","meta":[],"categories":[6,16],"tags":[],"_links":{"self":[{"href":"http:\/\/ayitimizik.net\/index.php\/wp-json\/wp\/v2\/posts\/1382"}],"collection":[{"href":"http:\/\/ayitimizik.net\/index.php\/wp-json\/wp\/v2\/posts"}],"about":[{"href":"http:\/\/ayitimizik.net\/index.php\/wp-json\/wp\/v2\/types\/post"}],"author":[{"embeddable":true,"href":"http:\/\/ayitimizik.net\/index.php\/wp-json\/wp\/v2\/users\/2"}],"replies":[{"embeddable":true,"href":"http:\/\/ayitimizik.net\/index.php\/wp-json\/wp\/v2\/comments?post=1382"}],"version-history":[{"count":2,"href":"http:\/\/ayitimizik.net\/index.php\/wp-json\/wp\/v2\/posts\/1382\/revisions"}],"predecessor-version":[{"id":1385,"href":"http:\/\/ayitimizik.net\/index.php\/wp-json\/wp\/v2\/posts\/1382\/revisions\/1385"}],"wp:attachment":[{"href":"http:\/\/ayitimizik.net\/index.php\/wp-json\/wp\/v2\/media?parent=1382"}],"wp:term":[{"taxonomy":"category","embeddable":true,"href":"http:\/\/ayitimizik.net\/index.php\/wp-json\/wp\/v2\/categories?post=1382"},{"taxonomy":"post_tag","embeddable":true,"href":"http:\/\/ayitimizik.net\/index.php\/wp-json\/wp\/v2\/tags?post=1382"}],"curies":[{"name":"wp","href":"https:\/\/api.w.org\/{rel}","templated":true}]}}