{"id":1371,"date":"2019-03-22T21:20:05","date_gmt":"2019-03-22T20:20:05","guid":{"rendered":"http:\/\/ayitimizik.net\/?p=1371"},"modified":"2019-03-22T21:20:18","modified_gmt":"2019-03-22T20:20:18","slug":"appel-a-candidatures-imc-music-rights-awards-2019","status":"publish","type":"post","link":"http:\/\/ayitimizik.net\/index.php\/2019\/03\/22\/appel-a-candidatures-imc-music-rights-awards-2019\/","title":{"rendered":"APPEL \u00c0 CANDIDATURES : IMC Music Rights Awards 2019"},"content":{"rendered":"\n<h1 id=\"page-title\"><br><\/h1>\n\n\n\n<figure class=\"wp-block-image is-resized\"><img loading=\"lazy\" src=\"http:\/\/ayitimizik.net\/wp-content\/uploads\/2019\/03\/IMC.jpg\" alt=\"\" class=\"wp-image-1372\" width=\"500\" height=\"173\"\/><\/figure>\n\n\n\n<p>Le Conseil International de la Musique (<a href=\"https:\/\/www.musicinafrica.net\/directory\/international-music-council-imc\">IMC<\/a>) lance un appel \u00e0 candidatures pour ses&nbsp;Music Rights Awards, qui seront d\u00e9cern\u00e9s&nbsp;lors de son&nbsp;Forum mondial de la musique qui se tiendra du 28 septembre au 1er octobre 2019 \u00e0 Paris (France).<\/p>\n\n\n\n<p>Les Music Rights Awards seront attribu\u00e9s aux propositions qui soutiennent un ou plusieurs des cinq droits musicaux \u00e9nonc\u00e9s par le CIM :<\/p>\n\n\n\n<ul><li>Le droit pour les enfants et adultes de s&rsquo;exprimer par la musique sous toutes ses formes.<\/li><li>Le droit pour les enfants et adultes d\u2019apprendre les connaissances et langages musicaux.<\/li><li>Le droit pour les enfants et adultes d&rsquo;\u00e9couter, cr\u00e9er, &nbsp;participer et avoir acc\u00e8s \u00e0 l&rsquo;information musicale.<\/li><li>Le droit pour les artistes musiciens de d\u00e9velopper leurs aptitudes et de communiquer \u00e0 travers les m\u00e9dias, avec des installations appropri\u00e9es \u00e0 leur disposition.<\/li><li>Le droit pour tous les artistes musiciens d\u2019obtenir de la reconnaissance et une juste r\u00e9mun\u00e9ration de leur travail.<\/li><\/ul>\n\n\n\n<p>La date limite de soumission des candidatures est fix\u00e9e au&nbsp;<strong>25 mars 2019 (12h00 HEC)<\/strong>. Les r\u00e9sultats seront r\u00e9v\u00e9l\u00e9s le&nbsp;<strong>4 juillet 2019<\/strong>.<\/p>\n\n\n\n<p><strong>Processus de nomination<\/strong><\/p>\n\n\n\n<p>Les candidatures pour le prix peuvent \u00eatre propos\u00e9es par toute organisation, membre du CIM ou non.<\/p>\n\n\n\n<p>Les dossiers de candidature&nbsp;peuvent \u00eatre envoy\u00e9s \u00e9lectroniquement \u00e0 l&rsquo;adresse :&nbsp;<a href=\"http:\/\/imc-cim.org\/\" target=\"_blank\" rel=\"noreferrer noopener\">d.grosso@imc-cim.org<\/a>. Ils devront comprendre un&nbsp;<a href=\"https:\/\/www.dropbox.com\/s\/16elho5wipm4lpi\/IMC%20Music%20rights%20awards%20FORMULAIRE%20DE%20CANDIDATURE%202019.docx?dl=0\" target=\"_blank\" rel=\"noreferrer noopener\">formulaire de nomination<\/a>&nbsp;\u00e0 t\u00e9l\u00e9charger&nbsp;ici, ainsi que&nbsp;les \u00e9l\u00e9ments suivants :<\/p>\n\n\n\n<ul><li>Rapports de presse.<\/li><li>Vid\u00e9o (2-3 minutes).<\/li><li>Du mat\u00e9riel promotionnel.<\/li><li>Des t\u00e9moignages.<\/li><li>Des photographies.<\/li><li>Des enregistrements audio.<\/li><\/ul>\n\n\n\n<p><strong>N.B :<\/strong>&nbsp;Merci de n&rsquo;envoyer que ce qui est demand\u00e9 et\/ou n\u00e9cessaire \u00e0 votre candidature.<\/p>\n\n\n\n<p><strong>Admissibilit\u00e9 de la proposition<\/strong><\/p>\n\n\n\n<p>Le programme ou projet propos\u00e9 doit :<\/p>\n\n\n\n<ul><li>Soutenir de mani\u00e8re exemplaire un ou plusieurs des cinq droits musicaux \u00e9nonc\u00e9s par le CIM.<\/li><li>Promouvoir l&rsquo;innovation.<\/li><li>Avoir un impact positif.<\/li><li>Poss\u00e9der un potentiel d&rsquo;influence plus large et \/ ou de durabilit\u00e9.<\/li><li>\u00catre rentable.<\/li><li>\u00catre en anglais, fran\u00e7ais ou espagnol.<\/li><\/ul>\n\n\n\n<p><strong>Le prix pour le laur\u00e9at<\/strong><\/p>\n\n\n\n<ul><li>Le laur\u00e9at recevra un dipl\u00f4me.<\/li><li>Il sera invit\u00e9 au&nbsp;Forum mondial sur la musique (28 septembre \u2013 1er octobre 2019) \u00e0 Paris.<\/li><li>Il sera&nbsp;invit\u00e9 \u00e0 faire une br\u00e8ve pr\u00e9sentation de son projet lors du Forum.<\/li><li>Le projet du laur\u00e9at&nbsp;fera l\u2019objet d\u2019une large promotion sur le site web du CIM et ses m\u00e9dias sociaux.<\/li><\/ul>\n\n\n\n<p><em>Lire l&rsquo;appel d&rsquo;origine\u00a0<a rel=\"noreferrer noopener\" href=\"http:\/\/www.imc-cim.org\/news-imc\/imc-news\/5559-imc-music-rights-award-call-for-proposals.html\" target=\"_blank\">ici<\/a>.<\/em><\/p>\n\n\n\n<p>Source: <a href=\"https:\/\/www.musicinafrica.net\/fr\/magazine\/appel-candidatures-imc-music-rights-awards-2019\">MusicinAfrica.net<\/a><\/p>\n","protected":false},"excerpt":{"rendered":"<p>Le Conseil International de la Musique (IMC) lance un appel \u00e0 candidatures pour ses&nbsp;Music Rights Awards, qui seront d\u00e9cern\u00e9s&nbsp;lors de son&nbsp;Forum mondial de la musique qui se tiendra du 28 septembre au 1er octobre 2019 \u00e0 Paris (France). Les Music &hellip; <a href=\"http:\/\/ayitimizik.net\/index.php\/2019\/03\/22\/appel-a-candidatures-imc-music-rights-awards-2019\/\">Continuer la lecture <span class=\"meta-nav\">&rarr;<\/span><\/a><\/p>\n","protected":false},"author":2,"featured_media":0,"comment_status":"closed","ping_status":"closed","sticky":false,"template":"","format":"standard","meta":[],"categories":[6,16],"tags":[],"_links":{"self":[{"href":"http:\/\/ayitimizik.net\/index.php\/wp-json\/wp\/v2\/posts\/1371"}],"collection":[{"href":"http:\/\/ayitimizik.net\/index.php\/wp-json\/wp\/v2\/posts"}],"about":[{"href":"http:\/\/ayitimizik.net\/index.php\/wp-json\/wp\/v2\/types\/post"}],"author":[{"embeddable":true,"href":"http:\/\/ayitimizik.net\/index.php\/wp-json\/wp\/v2\/users\/2"}],"replies":[{"embeddable":true,"href":"http:\/\/ayitimizik.net\/index.php\/wp-json\/wp\/v2\/comments?post=1371"}],"version-history":[{"count":2,"href":"http:\/\/ayitimizik.net\/index.php\/wp-json\/wp\/v2\/posts\/1371\/revisions"}],"predecessor-version":[{"id":1374,"href":"http:\/\/ayitimizik.net\/index.php\/wp-json\/wp\/v2\/posts\/1371\/revisions\/1374"}],"wp:attachment":[{"href":"http:\/\/ayitimizik.net\/index.php\/wp-json\/wp\/v2\/media?parent=1371"}],"wp:term":[{"taxonomy":"category","embeddable":true,"href":"http:\/\/ayitimizik.net\/index.php\/wp-json\/wp\/v2\/categories?post=1371"},{"taxonomy":"post_tag","embeddable":true,"href":"http:\/\/ayitimizik.net\/index.php\/wp-json\/wp\/v2\/tags?post=1371"}],"curies":[{"name":"wp","href":"https:\/\/api.w.org\/{rel}","templated":true}]}}