{"id":1364,"date":"2019-03-19T16:39:29","date_gmt":"2019-03-19T15:39:29","guid":{"rendered":"http:\/\/ayitimizik.net\/?p=1364"},"modified":"2019-03-19T16:39:29","modified_gmt":"2019-03-19T15:39:29","slug":"chita-parle-ayiti-mizik","status":"publish","type":"post","link":"http:\/\/ayitimizik.net\/index.php\/2019\/03\/19\/chita-parle-ayiti-mizik\/","title":{"rendered":"CHITA PARLE AYITI MIZIK"},"content":{"rendered":"\n<figure class=\"wp-block-image\"><img loading=\"lazy\" width=\"1024\" height=\"550\" src=\"http:\/\/ayitimizik.net\/wp-content\/uploads\/2018\/08\/Ayiti-Mizik-1024x550.jpg\" alt=\"\" class=\"wp-image-903\" srcset=\"http:\/\/ayitimizik.net\/wp-content\/uploads\/2018\/08\/Ayiti-Mizik-1024x550.jpg 1024w, http:\/\/ayitimizik.net\/wp-content\/uploads\/2018\/08\/Ayiti-Mizik-787x423.jpg 787w, http:\/\/ayitimizik.net\/wp-content\/uploads\/2018\/08\/Ayiti-Mizik-768x413.jpg 768w\" sizes=\"(max-width: 1024px) 100vw, 1024px\" \/><\/figure>\n\n\n\n<p>M\u00c8KREDI 3 AVRIL \u2013 4PM\/7PM<\/p>\n\n\n\n<p>LE VILLATE<\/p>\n\n\n\n<p>12 rue Villate, P\u00e9tion-ville<\/p>\n\n\n\n<p><em>Nan objektif pou n rasanble ak eseye konble atant pwofesyon\u00e8l nou yo nan sekt\u00e8 mizikal la (mizisyen, teknisyen, atis, enjeny\u00e8, chant\u00e8, DJ, elatriye, gason kou fanm), asosiyasyon ayisy\u00e8n pwofesyon\u00e8l mizik la &#8211;<strong>Ayiti Mizik<\/strong>&#8211; ap envite nou nan yon reyinyon kap f\u00e8t nan Le Villate (12, ri Villate, Petyonvil), mekredi kap 3 avril, soti 4pm rive 7pm, pou enf\u00f2me nou plis sou misyon ak travay Ayiti Mizik deja realize pou ede sekt\u00e8 a. Pandan reyinyon sa a, reprezantan yo pral f\u00e8 limy\u00e8 sou tout demach ak reyalizasyon asosiyasyon an deja f\u00e8 nan kad travay pou amelyore kondisyon fonksy\u00f2nman s\u00e8kt\u00e8 a. Nan kad reyinyon sa a, nap kapab poze nenp\u00f2t kesyon pou nou pi byen konprann ki objektif asosiyasyon an e kapab konprann piplis kijan li ka kore nou nan demach pou nou ranf\u00f2se nou an tan ke pwofesyon\u00e8l anndan peyi a.<\/em><\/p>\n\n\n\n<p><em>Annou striktire t\u00e8t nou piplis pou n yo resi ka tande vwa nou, paske se s\u00e8lman l\u00e8 nou mete t\u00e8t nou ansanm toutbon, ke yap resi banou resp\u00e8 nou merite nan peyi a, e ke nap kapab p\u00f2te kontribisyon ak chanjman nou vle pou s\u00e8kt\u00e8 mizik la.<\/em><\/p>\n\n\n\n<p>Dans l\u2019objectif de rassembler et de tenter de r\u00e9pondre aux attentes des professionnels de la musique (musiciens, musiciennes, chanteurs, chanteuses, artistes, technicien, techniciennes, DJ, ing\u00e9nieurs, et tous les autres repr\u00e9sentants des m\u00e9tiers de la musique etc.), l\u2019association ha\u00eftienne des professionnels de la musique &#8211;&nbsp;<strong>Ayiti Mizik<\/strong>vous invite \u00e0 une r\u00e9union d\u2019information le 3 avril 2019 de 4pm \u00e0 7pm au Villate \u2013 12 rue Villate, P\u00e9tion-ville. Au cours de cet apr\u00e8s -midi, les objectifs et les r\u00e9alisations de l\u2019association durant les 9 derni\u00e8res ann\u00e9es vous seront pr\u00e9sent\u00e9s. Et dans ce cadre, vous serez invit\u00e9 \u00e0 poser vos questions sur son fonctionnement, ou tout autre question qui pourrait vous aider \u00e0 mieux comprendre Ayiti Mizik, son bureau actuel, ses actions etc.<\/p>\n\n\n\n<p>Ensemble nous sommes plus forts et pouvons parler d\u2019une seule voix.<\/p>\n\n\n\n<p>L\u2019\u00e9quipe d\u2019Ayiti Mizik<\/p>\n\n\n\n<p><em>Renseignement et confirmation<\/em><\/p>\n\n\n\n<p><em>+ 509 28 13 11 43&nbsp;<\/em><\/p>\n\n\n\n<p><em>info@ayitimizik.ht<\/em><\/p>\n\n\n\n<p><em>www.ayitimizik.net<\/em><\/p>\n\n\n\n<p><\/p>\n\n\n\n<p><br><\/p>\n","protected":false},"excerpt":{"rendered":"<p>M\u00c8KREDI 3 AVRIL \u2013 4PM\/7PM LE VILLATE 12 rue Villate, P\u00e9tion-ville Nan objektif pou n rasanble ak eseye konble atant pwofesyon\u00e8l nou yo nan sekt\u00e8 mizikal la (mizisyen, teknisyen, atis, enjeny\u00e8, chant\u00e8, DJ, elatriye, gason kou fanm), asosiyasyon ayisy\u00e8n pwofesyon\u00e8l &hellip; <a href=\"http:\/\/ayitimizik.net\/index.php\/2019\/03\/19\/chita-parle-ayiti-mizik\/\">Continuer la lecture <span class=\"meta-nav\">&rarr;<\/span><\/a><\/p>\n","protected":false},"author":2,"featured_media":0,"comment_status":"closed","ping_status":"closed","sticky":false,"template":"","format":"standard","meta":[],"categories":[14],"tags":[],"_links":{"self":[{"href":"http:\/\/ayitimizik.net\/index.php\/wp-json\/wp\/v2\/posts\/1364"}],"collection":[{"href":"http:\/\/ayitimizik.net\/index.php\/wp-json\/wp\/v2\/posts"}],"about":[{"href":"http:\/\/ayitimizik.net\/index.php\/wp-json\/wp\/v2\/types\/post"}],"author":[{"embeddable":true,"href":"http:\/\/ayitimizik.net\/index.php\/wp-json\/wp\/v2\/users\/2"}],"replies":[{"embeddable":true,"href":"http:\/\/ayitimizik.net\/index.php\/wp-json\/wp\/v2\/comments?post=1364"}],"version-history":[{"count":1,"href":"http:\/\/ayitimizik.net\/index.php\/wp-json\/wp\/v2\/posts\/1364\/revisions"}],"predecessor-version":[{"id":1365,"href":"http:\/\/ayitimizik.net\/index.php\/wp-json\/wp\/v2\/posts\/1364\/revisions\/1365"}],"wp:attachment":[{"href":"http:\/\/ayitimizik.net\/index.php\/wp-json\/wp\/v2\/media?parent=1364"}],"wp:term":[{"taxonomy":"category","embeddable":true,"href":"http:\/\/ayitimizik.net\/index.php\/wp-json\/wp\/v2\/categories?post=1364"},{"taxonomy":"post_tag","embeddable":true,"href":"http:\/\/ayitimizik.net\/index.php\/wp-json\/wp\/v2\/tags?post=1364"}],"curies":[{"name":"wp","href":"https:\/\/api.w.org\/{rel}","templated":true}]}}