{"id":1357,"date":"2019-03-15T15:15:48","date_gmt":"2019-03-15T14:15:48","guid":{"rendered":"http:\/\/ayitimizik.net\/?p=1357"},"modified":"2019-03-15T15:19:04","modified_gmt":"2019-03-15T14:19:04","slug":"appel-a-candidatures-visa-for-music-2019","status":"publish","type":"post","link":"http:\/\/ayitimizik.net\/index.php\/2019\/03\/15\/appel-a-candidatures-visa-for-music-2019\/","title":{"rendered":"APPEL \u00c0 CANDIDATURES : Visa for Music 2019"},"content":{"rendered":"\n<figure class=\"wp-block-image\"><img src=\"https:\/\/api.elasticemail.com\/userfile\/73fa8716-3149-4d24-811a-e9a60a02bc42\/Appel_%C3%A0_candidatures_ouvert!__3_.jpg\" alt=\"Image\"\/><\/figure>\n\n\n\n<table class=\"wp-block-table\"><tbody><tr><td><strong>VISA FOR MUSIC&nbsp;&nbsp;2014 &#8211; 2019<\/strong><\/td><\/tr><tr><td>\u00a0\u00bb&nbsp;<em>Depuis 2014, Visa For Music se veut encore et toujours un \u00e9v\u00e9nement jetant les passerrelles et melant cr\u00e9ativit\u00e9, imaginaire, etres, images, sons, chacun l&rsquo;appliquant \u00e0 sa mani\u00e8re et selon ses potentialit\u00e9s. Vous \u00e9tiez nombreux, artistes, directeurs de festivals, acteurs culturels ou tout simplement passionn\u00e9s, \u00e0 nous avoir fais l&rsquo;honneur de votre&nbsp; pr\u00e9sence parmi nous et votre soutien. MERCI<\/em>&nbsp;\u00a0\u00bb&nbsp;<\/td><\/tr><tr><td><\/td><\/tr><tr><td><strong>VISA FOR MUSIC 2019&nbsp;| 6\u00e8me \u00e9dition |&nbsp;20 &#8211; 23 Nov. 2019&nbsp;| Rabat, Maroc<\/strong><br><\/td><\/tr><tr><td><strong>Artistes, groupe et Dj\/Vj\u00a0\u00e0 vos agendas !<\/strong><br>L\u2019appel \u00e0 candidatures pour la 6\u00e8me \u00e9dition de Visa For Music, est lanc\u00e9 !\u00a0<br>Visa For Music, le premier march\u00e9 professionnel et festival des musiques d\u2019Afrique et du Moyen-Orient,\u00a0 se tiendra cette\u00a0ann\u00e9e du 20 au 23 Novembre 2019 \u00e0 Rabat, Maroc!\u00a0\u00a0<br>24 candidats seront s\u00e9lectionn\u00e9s par un jury d\u2019exception pour se produire devant des professionnels du secteur venus du monde entier.<br>Les candidatures sont ouvertes \u00e0 tous les artistes, y compris ceux qui s\u2019\u00e9taient d\u00e9j\u00e0 port\u00e9 candidats aux \u00e9ditions pr\u00e9c\u00e9dentes et qui n\u2019ont pas eu la chance d\u2019\u00eatre s\u00e9lectionn\u00e9s.<\/td><\/tr><tr><td><\/td><\/tr><tr><td>Pour d&rsquo;informations : <a href=\"https:\/\/www.visaformusic.com\/Appel-candidature-2019\/\">ici<\/a><\/td><\/tr><\/tbody><\/table>\n","protected":false},"excerpt":{"rendered":"<p>VISA FOR MUSIC&nbsp;&nbsp;2014 &#8211; 2019 \u00a0\u00bb&nbsp;Depuis 2014, Visa For Music se veut encore et toujours un \u00e9v\u00e9nement jetant les passerrelles et melant cr\u00e9ativit\u00e9, imaginaire, etres, images, sons, chacun l&rsquo;appliquant \u00e0 sa mani\u00e8re et selon ses potentialit\u00e9s. Vous \u00e9tiez nombreux, artistes, &hellip; <a href=\"http:\/\/ayitimizik.net\/index.php\/2019\/03\/15\/appel-a-candidatures-visa-for-music-2019\/\">Continuer la lecture <span class=\"meta-nav\">&rarr;<\/span><\/a><\/p>\n","protected":false},"author":2,"featured_media":0,"comment_status":"closed","ping_status":"closed","sticky":false,"template":"","format":"standard","meta":[],"categories":[6,15],"tags":[],"_links":{"self":[{"href":"http:\/\/ayitimizik.net\/index.php\/wp-json\/wp\/v2\/posts\/1357"}],"collection":[{"href":"http:\/\/ayitimizik.net\/index.php\/wp-json\/wp\/v2\/posts"}],"about":[{"href":"http:\/\/ayitimizik.net\/index.php\/wp-json\/wp\/v2\/types\/post"}],"author":[{"embeddable":true,"href":"http:\/\/ayitimizik.net\/index.php\/wp-json\/wp\/v2\/users\/2"}],"replies":[{"embeddable":true,"href":"http:\/\/ayitimizik.net\/index.php\/wp-json\/wp\/v2\/comments?post=1357"}],"version-history":[{"count":5,"href":"http:\/\/ayitimizik.net\/index.php\/wp-json\/wp\/v2\/posts\/1357\/revisions"}],"predecessor-version":[{"id":1362,"href":"http:\/\/ayitimizik.net\/index.php\/wp-json\/wp\/v2\/posts\/1357\/revisions\/1362"}],"wp:attachment":[{"href":"http:\/\/ayitimizik.net\/index.php\/wp-json\/wp\/v2\/media?parent=1357"}],"wp:term":[{"taxonomy":"category","embeddable":true,"href":"http:\/\/ayitimizik.net\/index.php\/wp-json\/wp\/v2\/categories?post=1357"},{"taxonomy":"post_tag","embeddable":true,"href":"http:\/\/ayitimizik.net\/index.php\/wp-json\/wp\/v2\/tags?post=1357"}],"curies":[{"name":"wp","href":"https:\/\/api.w.org\/{rel}","templated":true}]}}