{"id":1352,"date":"2019-03-13T18:52:40","date_gmt":"2019-03-13T17:52:40","guid":{"rendered":"http:\/\/ayitimizik.net\/?p=1352"},"modified":"2019-03-13T18:52:40","modified_gmt":"2019-03-13T17:52:40","slug":"appel-a-candidatures-mama-2019","status":"publish","type":"post","link":"http:\/\/ayitimizik.net\/index.php\/2019\/03\/13\/appel-a-candidatures-mama-2019\/","title":{"rendered":"APPEL \u00c0 CANDIDATURES : MaMA 2019"},"content":{"rendered":"\n<h1>MaMA 2019 : ouverture des candidatures jusqu&rsquo;au 31 mai<\/h1>\n\n\n\n<figure class=\"wp-block-image\"><img src=\"http:\/\/www.zonefranche.com\/public\/images\/styles\/news_cover\/23f2be60-3f2d-11e9-a631-5bda0f3d5364.png\" alt=\"\"\/><\/figure>\n\n\n\n<p>MaMA 2019 : la 10\u00e8me \u00e9dition \u00e0 Paris du 16 au 18 octobre 2019 !<\/p>\n\n\n\n<p>Le&nbsp;<a href=\"http:\/\/www.mama-event.com\/fr\" target=\"_blank\" rel=\"noreferrer noopener\"><strong>MaMA<\/strong><\/a>, March\u00e9 des Musiques Actuelles, accueille les professionnels fran\u00e7ais et internationaux de l\u2019industrie musicale pendant trois jours : 50 conf\u00e9rences et d\u00e9bats, de nombreuses activit\u00e9s pro (match-making, workshops, ap\u00e9ros pro\u2026) avec 120 intervenants fran\u00e7ais et internationaux. En soir\u00e9e, les professionnels pourront assister \u00e0 une centaine de concerts ou showcases d\u2019artistes de toutes nationalit\u00e9s dans les 18\u00e8me et 9\u00e8me arrondissements de la capitale.<\/p>\n\n\n\n<p>Cet \u00e9v\u00e8nement est une&nbsp;<strong>opportunit\u00e9 pour les artistes de jouer devant des professionnels du milieu de l&rsquo;industrie musicale fran\u00e7ais et internationaux<\/strong>ainsi que devant le public parisien dans des salles de 250 \u00e0 1 400 places (La Cigale, La Boule Noire, Le Divan du Monde, Les Trois Baudets, Le Bus Palladium, Le Centre Musical FGO-Barbara\u2026) et dans des lieux atypiques (bars, th\u00e9\u00e2tres&#8230;) de Montmartre.<br>N\u2019h\u00e9sitez plus et pr\u00e9sentez vos artistes, que vous soyez producteur.rice de spectacles, une agence, un label, une soci\u00e9t\u00e9 d\u2019\u00e9dition ou manageur .se !<br><strong><a href=\"https:\/\/marcatoapp.com\/forms\/mama\/2019_proposer_un_artiste\" target=\"_blank\" rel=\"noreferrer noopener\">Dossier de candidature<\/a><\/strong>&nbsp;\u00e0 pr\u00e9senter&nbsp;<strong>AVANT LE 30 MAI<\/strong>&nbsp;!<\/p>\n\n\n\n<p>Source : <a href=\"http:\/\/www.zonefranche.com\/fr\/actus\/mama-2019-ouverture-des-candidatures\">Zone Franche<\/a><\/p>\n","protected":false},"excerpt":{"rendered":"<p>MaMA 2019 : ouverture des candidatures jusqu&rsquo;au 31 mai MaMA 2019 : la 10\u00e8me \u00e9dition \u00e0 Paris du 16 au 18 octobre 2019 ! Le&nbsp;MaMA, March\u00e9 des Musiques Actuelles, accueille les professionnels fran\u00e7ais et internationaux de l\u2019industrie musicale pendant trois &hellip; <a href=\"http:\/\/ayitimizik.net\/index.php\/2019\/03\/13\/appel-a-candidatures-mama-2019\/\">Continuer la lecture <span class=\"meta-nav\">&rarr;<\/span><\/a><\/p>\n","protected":false},"author":2,"featured_media":0,"comment_status":"closed","ping_status":"closed","sticky":false,"template":"","format":"standard","meta":[],"categories":[6,15],"tags":[],"_links":{"self":[{"href":"http:\/\/ayitimizik.net\/index.php\/wp-json\/wp\/v2\/posts\/1352"}],"collection":[{"href":"http:\/\/ayitimizik.net\/index.php\/wp-json\/wp\/v2\/posts"}],"about":[{"href":"http:\/\/ayitimizik.net\/index.php\/wp-json\/wp\/v2\/types\/post"}],"author":[{"embeddable":true,"href":"http:\/\/ayitimizik.net\/index.php\/wp-json\/wp\/v2\/users\/2"}],"replies":[{"embeddable":true,"href":"http:\/\/ayitimizik.net\/index.php\/wp-json\/wp\/v2\/comments?post=1352"}],"version-history":[{"count":1,"href":"http:\/\/ayitimizik.net\/index.php\/wp-json\/wp\/v2\/posts\/1352\/revisions"}],"predecessor-version":[{"id":1353,"href":"http:\/\/ayitimizik.net\/index.php\/wp-json\/wp\/v2\/posts\/1352\/revisions\/1353"}],"wp:attachment":[{"href":"http:\/\/ayitimizik.net\/index.php\/wp-json\/wp\/v2\/media?parent=1352"}],"wp:term":[{"taxonomy":"category","embeddable":true,"href":"http:\/\/ayitimizik.net\/index.php\/wp-json\/wp\/v2\/categories?post=1352"},{"taxonomy":"post_tag","embeddable":true,"href":"http:\/\/ayitimizik.net\/index.php\/wp-json\/wp\/v2\/tags?post=1352"}],"curies":[{"name":"wp","href":"https:\/\/api.w.org\/{rel}","templated":true}]}}