{"id":1348,"date":"2019-03-13T15:34:34","date_gmt":"2019-03-13T14:34:34","guid":{"rendered":"http:\/\/ayitimizik.net\/?p=1348"},"modified":"2019-03-13T15:34:34","modified_gmt":"2019-03-13T14:34:34","slug":"appel-a-candidatures-mundial-mondial-2019","status":"publish","type":"post","link":"http:\/\/ayitimizik.net\/index.php\/2019\/03\/13\/appel-a-candidatures-mundial-mondial-2019\/","title":{"rendered":"APPEL \u00c0 CANDIDATURES: Mundial Mondial 2019"},"content":{"rendered":"\n<h1>Mundial Montreal : candidatures jusqu&rsquo;au 1er avril<\/h1>\n\n\n\n<p><\/p>\n\n\n\n<figure class=\"wp-block-image\"><img src=\"http:\/\/www.zonefranche.com\/public\/images\/styles\/news_cover\/3dc679d0-3f28-11e9-a631-5bda0f3d5364.jpg\" alt=\"\"\/><\/figure>\n\n\n\n<p>Le Mundial Montreal se tiendra du 19 au 22 novembre 2019 \u00e0 &#8230;Montreal bien s\u00fbr !<\/p>\n\n\n\n<p><a href=\"https:\/\/mundialmontreal.com\/propos\/\" target=\"_blank\" rel=\"noreferrer noopener\"><strong>Mundial Montr\u00e9al<\/strong><\/a>&nbsp;invite les artistes \u00e0 soumettre leur candidature afin de se produire en showcase de 25 minutes dans la programmation de la&nbsp;<strong>9\u00e8me \u00e9dition annuelle qui aura lieu du<\/strong>&nbsp;19 au 22 novembre 2019. Le nombre d\u2019artistes s\u00e9lectionn\u00e9s est tr\u00e8s limit\u00e9 (environ 34).<br>L&rsquo;objectif est de pr\u00e9senter le meilleur des artistes de musiques du monde du Canada ainsi qu\u2019une s\u00e9lection d\u2019artistes internationaux tant aux professionnels de l\u2019industrie qu\u2019au public montr\u00e9alais. La s\u00e9lection des artistes s\u2019effectue \u00e0 partir d\u2019un m\u00e9lange de candidatures et d\u2019invitations afin de cr\u00e9er la meilleure combinaison de talents \u00e9mergents et de refl\u00e9ter au mieux les besoins de notre r\u00e9seau de programmateurs.<\/p>\n\n\n\n<p>Les frais de soumission sont de 40 $ CA et ne sont pas remboursables.<\/p>\n\n\n\n<p><strong><a href=\"https:\/\/mundialmontreal.com\/inscriptions\/\" target=\"_blank\" rel=\"noreferrer noopener\">Formulaire de candidature<\/a>&nbsp;des showcases jusqu&rsquo;au 1er avril 2019<\/strong><\/p>\n\n\n\n<p>En savoir plus :\u00a0<a rel=\"noreferrer noopener\" href=\"https:\/\/www.youtube.com\/watch?v=jLd_iXd0Dyg\" target=\"_blank\">https:\/\/www.youtube.com\/watch?v=jLd_iXd0Dyg<\/a><\/p>\n\n\n\n<p>Source : <a href=\"http:\/\/www.zonefranche.com\/fr\/actus\/mama-2019-ouverture-des-candidatures\">Zone Franche<\/a><\/p>\n","protected":false},"excerpt":{"rendered":"<p>Mundial Montreal : candidatures jusqu&rsquo;au 1er avril Le Mundial Montreal se tiendra du 19 au 22 novembre 2019 \u00e0 &#8230;Montreal bien s\u00fbr ! Mundial Montr\u00e9al&nbsp;invite les artistes \u00e0 soumettre leur candidature afin de se produire en showcase de 25 minutes &hellip; <a href=\"http:\/\/ayitimizik.net\/index.php\/2019\/03\/13\/appel-a-candidatures-mundial-mondial-2019\/\">Continuer la lecture <span class=\"meta-nav\">&rarr;<\/span><\/a><\/p>\n","protected":false},"author":2,"featured_media":0,"comment_status":"closed","ping_status":"closed","sticky":false,"template":"","format":"standard","meta":[],"categories":[6,15],"tags":[],"_links":{"self":[{"href":"http:\/\/ayitimizik.net\/index.php\/wp-json\/wp\/v2\/posts\/1348"}],"collection":[{"href":"http:\/\/ayitimizik.net\/index.php\/wp-json\/wp\/v2\/posts"}],"about":[{"href":"http:\/\/ayitimizik.net\/index.php\/wp-json\/wp\/v2\/types\/post"}],"author":[{"embeddable":true,"href":"http:\/\/ayitimizik.net\/index.php\/wp-json\/wp\/v2\/users\/2"}],"replies":[{"embeddable":true,"href":"http:\/\/ayitimizik.net\/index.php\/wp-json\/wp\/v2\/comments?post=1348"}],"version-history":[{"count":1,"href":"http:\/\/ayitimizik.net\/index.php\/wp-json\/wp\/v2\/posts\/1348\/revisions"}],"predecessor-version":[{"id":1349,"href":"http:\/\/ayitimizik.net\/index.php\/wp-json\/wp\/v2\/posts\/1348\/revisions\/1349"}],"wp:attachment":[{"href":"http:\/\/ayitimizik.net\/index.php\/wp-json\/wp\/v2\/media?parent=1348"}],"wp:term":[{"taxonomy":"category","embeddable":true,"href":"http:\/\/ayitimizik.net\/index.php\/wp-json\/wp\/v2\/categories?post=1348"},{"taxonomy":"post_tag","embeddable":true,"href":"http:\/\/ayitimizik.net\/index.php\/wp-json\/wp\/v2\/tags?post=1348"}],"curies":[{"name":"wp","href":"https:\/\/api.w.org\/{rel}","templated":true}]}}