{"id":1340,"date":"2019-03-13T15:27:37","date_gmt":"2019-03-13T14:27:37","guid":{"rendered":"http:\/\/ayitimizik.net\/?p=1340"},"modified":"2019-03-13T15:31:41","modified_gmt":"2019-03-13T14:31:41","slug":"appel-a-candidatures-womex-2019-2","status":"publish","type":"post","link":"http:\/\/ayitimizik.net\/index.php\/2019\/03\/13\/appel-a-candidatures-womex-2019-2\/","title":{"rendered":"APPEL \u00c0 CANDIDATURES : WOMEX 2019"},"content":{"rendered":"\n<h1>Ouverture des appels \u00e0 candidatures jusqu&rsquo;au 22 mars<\/h1>\n\n\n\n<figure class=\"wp-block-image\"><img loading=\"lazy\" width=\"225\" height=\"225\" src=\"http:\/\/ayitimizik.net\/wp-content\/uploads\/2019\/03\/Womex.png\" alt=\"\" class=\"wp-image-1346\" srcset=\"http:\/\/ayitimizik.net\/wp-content\/uploads\/2019\/03\/Womex.png 225w, http:\/\/ayitimizik.net\/wp-content\/uploads\/2019\/03\/Womex-150x150.png 150w\" sizes=\"(max-width: 225px) 100vw, 225px\" \/><\/figure>\n\n\n\n<p>Prenez date pour Tampere (Finlande) du 23 au 27 octobre<\/p>\n\n\n\n<p>Le&nbsp;<a href=\"http:\/\/www.womex.com\/\" target=\"_blank\" rel=\"noreferrer noopener\">Womex<\/a>&nbsp;est, chaque ann\u00e9e, l\u2019\u00e9v\u00e8nement incontournable de l\u2019industrie des musiques du monde. C\u2019est l\u2019occasion pour les artistes venus du monde entier de pouvoir se produire devant un public compos\u00e9s de professionnels (bookeurs, agents, labels, distributeurs, journalistes \u2026). Le salon du Womex est une vitrine internationale permettant aux artistes de donner un coup de pouce, voire un r\u00e9el coup d\u2019acc\u00e9l\u00e9rateur \u00e0 leur carri\u00e8re.<\/p>\n\n\n\n<p><em>Les adh\u00e9rents du r\u00e9seau seront inform\u00e9s en temps voulu pour obtenir leurs accr\u00e9ditations \u00e0 tarif pr\u00e9f\u00e9rentiel.<\/em><\/p>\n\n\n\n<p><strong>SELECTION \u2026 AVANT LE VENDREDI 22 MARS 2019 !!!<\/strong><br>Participer au Womex, c\u2019est aussi la possibilit\u00e9 d\u2019effectuer des performances live pour les artistes, de diffuser ses films, et de pr\u00e9senter des conf\u00e9rences.<\/p>\n\n\n\n<p>Pour cela, une seule adresse pour envoyer vos candidatures de showcases, DJ Summit, Films et conf\u00e9rences :&nbsp;<a href=\"http:\/\/www.womex-apply.com\/\" target=\"_blank\" rel=\"noreferrer noopener\"><strong>www.womex-apply.com\/<\/strong><\/a><\/p>\n\n\n\n<p>Source : <a href=\"http:\/\/www.zonefranche.com\/fr\/actus\/womex-2019-ouverture-des-appels-a-candidatures\">Zone Franche<\/a><\/p>\n","protected":false},"excerpt":{"rendered":"<p>Ouverture des appels \u00e0 candidatures jusqu&rsquo;au 22 mars Prenez date pour Tampere (Finlande) du 23 au 27 octobre Le&nbsp;Womex&nbsp;est, chaque ann\u00e9e, l\u2019\u00e9v\u00e8nement incontournable de l\u2019industrie des musiques du monde. C\u2019est l\u2019occasion pour les artistes venus du monde entier de pouvoir &hellip; <a href=\"http:\/\/ayitimizik.net\/index.php\/2019\/03\/13\/appel-a-candidatures-womex-2019-2\/\">Continuer la lecture <span class=\"meta-nav\">&rarr;<\/span><\/a><\/p>\n","protected":false},"author":2,"featured_media":0,"comment_status":"closed","ping_status":"closed","sticky":false,"template":"","format":"standard","meta":[],"categories":[6,15],"tags":[],"_links":{"self":[{"href":"http:\/\/ayitimizik.net\/index.php\/wp-json\/wp\/v2\/posts\/1340"}],"collection":[{"href":"http:\/\/ayitimizik.net\/index.php\/wp-json\/wp\/v2\/posts"}],"about":[{"href":"http:\/\/ayitimizik.net\/index.php\/wp-json\/wp\/v2\/types\/post"}],"author":[{"embeddable":true,"href":"http:\/\/ayitimizik.net\/index.php\/wp-json\/wp\/v2\/users\/2"}],"replies":[{"embeddable":true,"href":"http:\/\/ayitimizik.net\/index.php\/wp-json\/wp\/v2\/comments?post=1340"}],"version-history":[{"count":6,"href":"http:\/\/ayitimizik.net\/index.php\/wp-json\/wp\/v2\/posts\/1340\/revisions"}],"predecessor-version":[{"id":1347,"href":"http:\/\/ayitimizik.net\/index.php\/wp-json\/wp\/v2\/posts\/1340\/revisions\/1347"}],"wp:attachment":[{"href":"http:\/\/ayitimizik.net\/index.php\/wp-json\/wp\/v2\/media?parent=1340"}],"wp:term":[{"taxonomy":"category","embeddable":true,"href":"http:\/\/ayitimizik.net\/index.php\/wp-json\/wp\/v2\/categories?post=1340"},{"taxonomy":"post_tag","embeddable":true,"href":"http:\/\/ayitimizik.net\/index.php\/wp-json\/wp\/v2\/tags?post=1340"}],"curies":[{"name":"wp","href":"https:\/\/api.w.org\/{rel}","templated":true}]}}