{"id":1337,"date":"2019-03-11T15:32:37","date_gmt":"2019-03-11T14:32:37","guid":{"rendered":"http:\/\/ayitimizik.net\/?p=1337"},"modified":"2019-03-11T15:32:37","modified_gmt":"2019-03-11T14:32:37","slug":"appel-a-candidatures-3eme-edition-du-prix-rfi-instrumental-illustration-sonore-2019","status":"publish","type":"post","link":"http:\/\/ayitimizik.net\/index.php\/2019\/03\/11\/appel-a-candidatures-3eme-edition-du-prix-rfi-instrumental-illustration-sonore-2019\/","title":{"rendered":"APPEL \u00c0 CANDIDATURES : 3\u00e8me \u00e9dition du Prix RFI Instrumental \u2013 Illustration sonore 2019"},"content":{"rendered":"\n<figure class=\"wp-block-image is-resized\"><img loading=\"lazy\" src=\"http:\/\/ayitimizik.net\/wp-content\/uploads\/2019\/03\/image003.jpg\" alt=\"\" class=\"wp-image-1338\" width=\"950\" height=\"495\" srcset=\"http:\/\/ayitimizik.net\/wp-content\/uploads\/2019\/03\/image003.jpg 676w, http:\/\/ayitimizik.net\/wp-content\/uploads\/2019\/03\/image003-500x260.jpg 500w\" sizes=\"(max-width: 950px) 100vw, 950px\" \/><\/figure>\n\n\n\n<p><strong>Lancement de la 3<sup>\u00e8me<\/sup>&nbsp;\u00e9dition du Prix RFI Instrumental \u2013 Illustration sonore 2019<\/strong><\/p>\n\n\n\n<p><em>\u00ab La musique met l&rsquo;\u00e2me en harmonie avec tout ce qui existe. \u00bb Oscar Wilde<\/em><\/p>\n\n\n\n<p>Exprimez votre savoir-faire dans le domaine de l&rsquo;illustration sonore et laissez parler votre cr\u00e9ativit\u00e9.<\/p>\n\n\n\n<p>Inscriptions ouvertes ici :&nbsp;<a href=\"https:\/\/www.rfi-instrumental.com\/fr\/prix\">https:\/\/www.rfi-instrumental.com\/fr\/prix<\/a><\/p>\n\n\n\n<p>Vid\u00e9o de lancement:&nbsp;<a href=\"https:\/\/www.youtube.com\/watch?v=3aCI0QGUaJ8\">https:\/\/www.youtube.com\/watch?v=3aCI0QGUaJ8<\/a><\/p>\n\n\n\n<p><strong><em>A gagner<\/em><\/strong><\/p>\n\n\n\n<p>\u2022 Gagnant 1 : 3 000 \u20ac<\/p>\n\n\n\n<p>\u2022 Gagnant 2: un logiciel Pro Tools HD (valeur : 2 299 \u20ac)<\/p>\n\n\n\n<p>\u2022 Gagnant 3: une formation professionnelle de 3 jours : \u00ab Le Mastering : finaliser une production musicale \u00bb inscrite au catalogue 2019 de l\u2019INA (valeur : 1 500 \u20ac)<\/p>\n\n\n\n<p>\u2022 Gagnant 4: un logiciel Media Composer (valeur : 1 199 \u20ac)<\/p>\n\n\n\n<p>\u2022 Gagnant 5: une licence des plugins GRM TOOLS Complete II &nbsp;(valeur&nbsp;: 600 \u20ac)<\/p>\n\n\n\n<p><\/p>\n","protected":false},"excerpt":{"rendered":"<p>Lancement de la 3\u00e8me&nbsp;\u00e9dition du Prix RFI Instrumental \u2013 Illustration sonore 2019 \u00ab La musique met l&rsquo;\u00e2me en harmonie avec tout ce qui existe. \u00bb Oscar Wilde Exprimez votre savoir-faire dans le domaine de l&rsquo;illustration sonore et laissez parler votre &hellip; <a href=\"http:\/\/ayitimizik.net\/index.php\/2019\/03\/11\/appel-a-candidatures-3eme-edition-du-prix-rfi-instrumental-illustration-sonore-2019\/\">Continuer la lecture <span class=\"meta-nav\">&rarr;<\/span><\/a><\/p>\n","protected":false},"author":2,"featured_media":0,"comment_status":"closed","ping_status":"closed","sticky":false,"template":"","format":"standard","meta":[],"categories":[6,16],"tags":[],"_links":{"self":[{"href":"http:\/\/ayitimizik.net\/index.php\/wp-json\/wp\/v2\/posts\/1337"}],"collection":[{"href":"http:\/\/ayitimizik.net\/index.php\/wp-json\/wp\/v2\/posts"}],"about":[{"href":"http:\/\/ayitimizik.net\/index.php\/wp-json\/wp\/v2\/types\/post"}],"author":[{"embeddable":true,"href":"http:\/\/ayitimizik.net\/index.php\/wp-json\/wp\/v2\/users\/2"}],"replies":[{"embeddable":true,"href":"http:\/\/ayitimizik.net\/index.php\/wp-json\/wp\/v2\/comments?post=1337"}],"version-history":[{"count":1,"href":"http:\/\/ayitimizik.net\/index.php\/wp-json\/wp\/v2\/posts\/1337\/revisions"}],"predecessor-version":[{"id":1339,"href":"http:\/\/ayitimizik.net\/index.php\/wp-json\/wp\/v2\/posts\/1337\/revisions\/1339"}],"wp:attachment":[{"href":"http:\/\/ayitimizik.net\/index.php\/wp-json\/wp\/v2\/media?parent=1337"}],"wp:term":[{"taxonomy":"category","embeddable":true,"href":"http:\/\/ayitimizik.net\/index.php\/wp-json\/wp\/v2\/categories?post=1337"},{"taxonomy":"post_tag","embeddable":true,"href":"http:\/\/ayitimizik.net\/index.php\/wp-json\/wp\/v2\/tags?post=1337"}],"curies":[{"name":"wp","href":"https:\/\/api.w.org\/{rel}","templated":true}]}}