{"id":1325,"date":"2019-02-05T01:02:37","date_gmt":"2019-02-05T00:02:37","guid":{"rendered":"http:\/\/ayitimizik.net\/?p=1325"},"modified":"2019-02-05T01:05:27","modified_gmt":"2019-02-05T00:05:27","slug":"appel-a-candidatures-festival-international-musique-au-feminin-2019","status":"publish","type":"post","link":"http:\/\/ayitimizik.net\/index.php\/2019\/02\/05\/appel-a-candidatures-festival-international-musique-au-feminin-2019\/","title":{"rendered":"APPEL A CANDIDATURES : Festival International Musique au F\u00e9minin 2019"},"content":{"rendered":"\n<figure class=\"wp-block-image\"><img loading=\"lazy\" width=\"720\" height=\"540\" src=\"http:\/\/ayitimizik.net\/wp-content\/uploads\/2018\/03\/29133648_557804714597571_963641114756120576_n.jpg\" alt=\"\" class=\"wp-image-739\" srcset=\"http:\/\/ayitimizik.net\/wp-content\/uploads\/2018\/03\/29133648_557804714597571_963641114756120576_n.jpg 720w, http:\/\/ayitimizik.net\/wp-content\/uploads\/2018\/03\/29133648_557804714597571_963641114756120576_n-564x423.jpg 564w\" sizes=\"(max-width: 720px) 100vw, 720px\" \/><\/figure>\n\n\n\n<p><strong><em>Le Festival International de la Musique au F\u00e9minin <\/em><\/strong>est cr\u00e9\u00e9 par <strong><em>l\u2019Association pour la Promotion de la Culture et des Arts [APCA \u2013 Vision Entertainment] <\/em><\/strong>pour valoriser et promouvoir le patrimoine musical f\u00e9minin ainsi que les femmes artistes et professionnelles, oeuvrant dans l\u2019industrie musicale \u00e0 l\u2019\u00e9chelle Mondiale. Sa premi\u00e8re Edition a eu lieu \u00e0 l\u2019h\u00f4tel Marriott, Port \u2013 au \u2013 Prince, au cours de l\u2019ann\u00e9e 2018, avec la participation des artistes f\u00e9minines, locale, nationale et internationale.&nbsp;<\/p>\n\n\n\n<p>Cet appel \u00e0 la candidature aux artistes et aux professionnelles f\u00e9minines, oeuvrant dans le secteur de cr\u00e9ation, de production et de diffusion rentre dans la philosophie de l\u2019acte constitutif du festival pour favoriser et cr\u00e9er la meilleure combinaison entre les jeunes talents et les t\u00e9nors pour offrir une diversit\u00e9 pluralisme au grand public dans le cadre de la planification et r\u00e9alisation de la deuxi\u00e8me \u00e9dition qui se d\u00e9roulera sur Port \u2013 au \u2013 Prince et des villes provinciales.&nbsp;<\/p>\n\n\n\n<p>Sachant que le FIMF est un nouveau concept dans le cadre de l\u2019organisation du festival en Ha\u00efti qui se d\u00e9roule sur une p\u00e9riode de quatre-vingt-dix (90) jours \u00e0 partir du 08 Mars, consacr\u00e9 \u00e0 la Journ\u00e9e Internationale des Droits de la Femme et le dernier dimanche du mois de Mai, consacr\u00e9 \u00e0 la f\u00eate des M\u00e8res en Ha\u00efti \u00e0 travers les axes suivants :&nbsp;<\/p>\n\n\n\n<p>&#8211; Promouvoir le patrimoine musical f\u00e9minin \u00e0 travers des plateformes medias nationaux et internationaux.&nbsp;<\/p>\n\n\n\n<p>&#8211; R\u00e9aliser la R\u00e9sidence Artistique et Formation (RAF) pour l\u2019encadrement des jeunes talentueuses sur tout le territoire national.&nbsp;<\/p>\n\n\n\n<p>&#8211; Organiser une soir\u00e9e honorifique pour rendre hommage aux femmes t\u00e9nors nationaux et internationaux.&nbsp;<\/p>\n\n\n\n<p>&#8211; Assurer la pr\u00e9sentation d\u2019un spectacle musical au grand public avec la participation des artistes f\u00e9minines nationales et internationales.<\/p>\n\n\n\n<p>Le dossier complet de la candidature doit avoir :&nbsp;<\/p>\n\n\n\n<p>&#8211; Le formulaire dument rempli&nbsp;<\/p>\n\n\n\n<p>&#8211; Le Dossier de presse, biographie et Photo de la candidate&nbsp;<\/p>\n\n\n\n<p>&#8211; Des liens musicaux, vid\u00e9os et\/ou cr\u00e9ations de la candidate&nbsp;<\/p>\n\n\n\n<p>&#8211; Le transport est \u00e0 la charge de la candidate&nbsp;<\/p>\n\n\n\n<p>Seulement les candidates retenues seront contact\u00e9s par le responsable de Communication du Festival, pour les suites logistiques n\u00e9cessaires ; toutefois, les dossiers re\u00e7us, restent la propri\u00e9t\u00e9 du FIMF, qui s\u2019engage \u00e0 ne pas les utiliser \u00e0 des fins commerciales.&nbsp;<\/p>\n\n\n\n<p>Date limite pour recevoir les candidatures compl\u00e8tes : 15 f\u00e9vrier 2019.&nbsp;<\/p>\n\n\n\n<p>Pour plus amples information et demande de formulaire, \u00e9crivez-nous \u00e0 notre email :&nbsp;<\/p>\n\n\n\n<p>managementculturel509@gmail.com ou contactez :&nbsp;<\/p>\n\n\n\n<p>Madame Marie Samuelle CHARLES (Same Ozias)&nbsp;<\/p>\n\n\n\n<p>Responsable de Communication et suivie \u00e0&nbsp;<\/p>\n\n\n\n<p>mariegestion2010@gmail.com : tel : +50937587070&nbsp;<\/p>\n","protected":false},"excerpt":{"rendered":"<p>Le Festival International de la Musique au F\u00e9minin est cr\u00e9\u00e9 par l\u2019Association pour la Promotion de la Culture et des Arts [APCA \u2013 Vision Entertainment] pour valoriser et promouvoir le patrimoine musical f\u00e9minin ainsi que les femmes artistes et professionnelles, &hellip; <a href=\"http:\/\/ayitimizik.net\/index.php\/2019\/02\/05\/appel-a-candidatures-festival-international-musique-au-feminin-2019\/\">Continuer la lecture <span class=\"meta-nav\">&rarr;<\/span><\/a><\/p>\n","protected":false},"author":2,"featured_media":0,"comment_status":"closed","ping_status":"closed","sticky":false,"template":"","format":"standard","meta":[],"categories":[6,16],"tags":[],"_links":{"self":[{"href":"http:\/\/ayitimizik.net\/index.php\/wp-json\/wp\/v2\/posts\/1325"}],"collection":[{"href":"http:\/\/ayitimizik.net\/index.php\/wp-json\/wp\/v2\/posts"}],"about":[{"href":"http:\/\/ayitimizik.net\/index.php\/wp-json\/wp\/v2\/types\/post"}],"author":[{"embeddable":true,"href":"http:\/\/ayitimizik.net\/index.php\/wp-json\/wp\/v2\/users\/2"}],"replies":[{"embeddable":true,"href":"http:\/\/ayitimizik.net\/index.php\/wp-json\/wp\/v2\/comments?post=1325"}],"version-history":[{"count":1,"href":"http:\/\/ayitimizik.net\/index.php\/wp-json\/wp\/v2\/posts\/1325\/revisions"}],"predecessor-version":[{"id":1326,"href":"http:\/\/ayitimizik.net\/index.php\/wp-json\/wp\/v2\/posts\/1325\/revisions\/1326"}],"wp:attachment":[{"href":"http:\/\/ayitimizik.net\/index.php\/wp-json\/wp\/v2\/media?parent=1325"}],"wp:term":[{"taxonomy":"category","embeddable":true,"href":"http:\/\/ayitimizik.net\/index.php\/wp-json\/wp\/v2\/categories?post=1325"},{"taxonomy":"post_tag","embeddable":true,"href":"http:\/\/ayitimizik.net\/index.php\/wp-json\/wp\/v2\/tags?post=1325"}],"curies":[{"name":"wp","href":"https:\/\/api.w.org\/{rel}","templated":true}]}}