{"id":1315,"date":"2019-02-01T16:57:41","date_gmt":"2019-02-01T15:57:41","guid":{"rendered":"http:\/\/ayitimizik.net\/?p=1315"},"modified":"2019-02-01T16:58:40","modified_gmt":"2019-02-01T15:58:40","slug":"appel-a-candidatures-mundial-montreal-2019","status":"publish","type":"post","link":"http:\/\/ayitimizik.net\/index.php\/2019\/02\/01\/appel-a-candidatures-mundial-montreal-2019\/","title":{"rendered":"APPEL A CANDIDATURES : Mundial Montr\u00e9al 2019"},"content":{"rendered":"\n<figure class=\"wp-block-image is-resized\"><img loading=\"lazy\" src=\"http:\/\/ayitimizik.net\/wp-content\/uploads\/2019\/02\/Mundialmontreal.jpg\" alt=\"\" class=\"wp-image-1316\" width=\"950\" height=\"472\"\/><\/figure>\n\n\n\n<table class=\"wp-block-table\"><tbody><tr><td><strong>L&rsquo;APPEL DE CANDIDATURES 2019 EST MAINTENANT OUVERT&nbsp;!&nbsp;<\/strong><br>Mundial Montr\u00e9al invite les artistes \u00e0 soumettre leur candidature afin d\u2019\u00eatre consid\u00e9r\u00e9 pour une&nbsp;<strong>vitrine de 25 minutes<\/strong>&nbsp;dans la programmation de notre<strong>&nbsp;9e conf\u00e9rence&nbsp;<\/strong>qui aura lieu<strong>&nbsp;du<\/strong>&nbsp;<strong>19 au 22 novembre 2019<\/strong>.<br>Le nombre d\u2019artistes pr\u00e9sent\u00e9s est tr\u00e8s limit\u00e9 (une trentaine) et nous veillons \u00e0 ce qu\u2019il n\u2019y ait pas de comp\u00e9tition avec d\u2019autres activit\u00e9s ou vitrines de la programmation.<br>Notre objectif est de pr\u00e9senter le meilleur des artistes de musiques du monde du Canada ainsi qu\u2019une s\u00e9lection d\u2019artistes internationaux tant aux professionnels de l\u2019industrie qu\u2019au public montr\u00e9alais. La s\u00e9lection des artistes s\u2019effectue \u00e0 partir d\u2019un m\u00e9lange de candidatures et d\u2019invitations afin de cr\u00e9er la meilleure combinaison de talents \u00e9mergents et de refl\u00e9ter au mieux les besoins de notre r\u00e9seau de programmateurs.<br><strong>Date limite : 1er avril 2019<\/strong><\/td><\/tr><\/tbody><\/table>\n\n\n\n<p><a href=\"https:\/\/form.zonefestival.com\/?k=avalanche_p3\">SOUMMETTRE UNE CANDIDATURE<\/a><\/p>\n","protected":false},"excerpt":{"rendered":"<p>L&rsquo;APPEL DE CANDIDATURES 2019 EST MAINTENANT OUVERT&nbsp;!&nbsp;Mundial Montr\u00e9al invite les artistes \u00e0 soumettre leur candidature afin d\u2019\u00eatre consid\u00e9r\u00e9 pour une&nbsp;vitrine de 25 minutes&nbsp;dans la programmation de notre&nbsp;9e conf\u00e9rence&nbsp;qui aura lieu&nbsp;du&nbsp;19 au 22 novembre 2019.Le nombre d\u2019artistes pr\u00e9sent\u00e9s est tr\u00e8s limit\u00e9 &hellip; <a href=\"http:\/\/ayitimizik.net\/index.php\/2019\/02\/01\/appel-a-candidatures-mundial-montreal-2019\/\">Continuer la lecture <span class=\"meta-nav\">&rarr;<\/span><\/a><\/p>\n","protected":false},"author":2,"featured_media":0,"comment_status":"closed","ping_status":"closed","sticky":false,"template":"","format":"standard","meta":[],"categories":[6,15],"tags":[],"_links":{"self":[{"href":"http:\/\/ayitimizik.net\/index.php\/wp-json\/wp\/v2\/posts\/1315"}],"collection":[{"href":"http:\/\/ayitimizik.net\/index.php\/wp-json\/wp\/v2\/posts"}],"about":[{"href":"http:\/\/ayitimizik.net\/index.php\/wp-json\/wp\/v2\/types\/post"}],"author":[{"embeddable":true,"href":"http:\/\/ayitimizik.net\/index.php\/wp-json\/wp\/v2\/users\/2"}],"replies":[{"embeddable":true,"href":"http:\/\/ayitimizik.net\/index.php\/wp-json\/wp\/v2\/comments?post=1315"}],"version-history":[{"count":2,"href":"http:\/\/ayitimizik.net\/index.php\/wp-json\/wp\/v2\/posts\/1315\/revisions"}],"predecessor-version":[{"id":1318,"href":"http:\/\/ayitimizik.net\/index.php\/wp-json\/wp\/v2\/posts\/1315\/revisions\/1318"}],"wp:attachment":[{"href":"http:\/\/ayitimizik.net\/index.php\/wp-json\/wp\/v2\/media?parent=1315"}],"wp:term":[{"taxonomy":"category","embeddable":true,"href":"http:\/\/ayitimizik.net\/index.php\/wp-json\/wp\/v2\/categories?post=1315"},{"taxonomy":"post_tag","embeddable":true,"href":"http:\/\/ayitimizik.net\/index.php\/wp-json\/wp\/v2\/tags?post=1315"}],"curies":[{"name":"wp","href":"https:\/\/api.w.org\/{rel}","templated":true}]}}