{"id":1311,"date":"2019-01-29T16:17:12","date_gmt":"2019-01-29T15:17:12","guid":{"rendered":"http:\/\/ayitimizik.net\/?p=1311"},"modified":"2019-01-29T16:17:12","modified_gmt":"2019-01-29T15:17:12","slug":"appel-a-candidatures-womex-2019","status":"publish","type":"post","link":"http:\/\/ayitimizik.net\/index.php\/2019\/01\/29\/appel-a-candidatures-womex-2019\/","title":{"rendered":"APPEL A CANDIDATURES : WOMEX 2019"},"content":{"rendered":"\n<ul class=\"wp-block-gallery columns-1 is-cropped\"><li class=\"blocks-gallery-item\"><figure><img loading=\"lazy\" width=\"310\" height=\"163\" src=\"http:\/\/ayitimizik.net\/wp-content\/uploads\/2019\/01\/womex2019.png\" alt=\"\" data-id=\"1312\" data-link=\"http:\/\/ayitimizik.net\/?attachment_id=1312\" class=\"wp-image-1312\"\/><\/figure><\/li><\/ul>\n\n\n\n<p>La 25e \u00e9dition du&nbsp;<strong><a href=\"https:\/\/www.musicinafrica.net\/fr\/node\/2232\">WOMEX<\/a><\/strong>&nbsp;se tiendra \u00e0&nbsp;<strong>Tampere (Finlande)<\/strong>, du 23 au 27 octobre 2019. Les&nbsp;<strong>artistes<\/strong>&nbsp;et professionnels de la musique d\u00e9sireux d\u2019y participer, sont invit\u00e9s \u00e0 soumettre leurs candidatures.<\/p>\n\n\n\n<p>Les&nbsp;<strong>artistes musiciens<\/strong>, DJs, producteurs, conf\u00e9renciers et mentors pr\u00eats \u00e0 partager leurs exp\u00e9riences, sont concern\u00e9s par le pr\u00e9sent appel.<\/p>\n\n\n\n<h4><strong>Dans quelle cat\u00e9gorie soumettre sa candidature&nbsp;?<\/strong><\/h4>\n\n\n\n<p>Les candidatures sont possibles dans les quatre cat\u00e9gories suivantes :<\/p>\n\n\n\n<ul><li>Les&nbsp;<strong>showcases<\/strong>&nbsp;qui couvrent les styles traditionnels,&nbsp;<strong>musiques de fusion<\/strong>,&nbsp;<strong>musique folklorique<\/strong>, ainsi que les autres&nbsp;<strong>sc\u00e8nes<\/strong>&nbsp;alternatives, allant du jazz \u00e0 la musique moderne et tous les styles urbains. Le d\u00e9nominateur commun est la diversit\u00e9 pour elle-m\u00eame, ainsi que la recherche d\u2019un public plus large et culturellement plus ouvert.<\/li><li>Les&nbsp;<strong>WOMEX DJ-shows<\/strong>&nbsp;qui accueillent&nbsp;des artistes \u00e9voluant&nbsp;dans l\u2019art du mixage et de la production musicale. Les&nbsp;<strong>DJs<\/strong>&nbsp;sont attendus&nbsp;pour&nbsp;pr\u00e9senter leurs visions musicales, tout en apportant au WOMEX une ambiance club.<\/li><li>Les conf\u00e9rences qui&nbsp;tenteront de recueillir les id\u00e9es et perspectives nouvelles des experts ainsi que les exp\u00e9riences des professionnels actifs dans le&nbsp;<strong>secteur musical<\/strong>. Au centre des r\u00e9flexions :&nbsp;les nouvelles tendances technologiques et le r\u00f4le de la musique dans le d\u00e9veloppement, l<strong>\u2018identit\u00e9 culturelle et l\u2019\u00e9ducation<\/strong>.<\/li><li>Le programme du WOMEX Film qui proposera des mi-longs et courts-m\u00e9trages&nbsp;renseignant sur la musique&nbsp;et les mouvements historiques \u00e0 travers le monde,&nbsp;tout en offrant une plate-forme de pr\u00e9sentation et de connexion directe \u00e0 la communaut\u00e9 mondiale des professionnels de la&nbsp;musique.<\/li><\/ul>\n\n\n\n<h4><strong>Comment soumettre sa candidature ?<\/strong><\/h4>\n\n\n\n<p>Les&nbsp;<strong>inscriptions<\/strong>&nbsp;se font uniquement via le<strong>&nbsp;<a href=\"https:\/\/womex.us10.list-manage.com\/track\/click?u=2375b94acfa26d1c0d18f4e84&amp;id=9432ac0224&amp;e=635324d406\" target=\"_blank\" rel=\"noreferrer noopener\">syst\u00e8me de demande en ligne<\/a><\/strong>&nbsp;du WOMEX. La date limite pour les d\u00e9p\u00f4ts de candidatures dans les quatre cat\u00e9gories est fix\u00e9e au&nbsp;<strong>vendredi 1er mars (avant minuit)<\/strong>.<\/p>\n\n\n\n<p>Sur la base des&nbsp;propositions re\u00e7ues, le programme officiel du WOMEX est pr\u00e9par\u00e9 par un jury ind\u00e9pendant et international dont les membres changent&nbsp;chaque ann\u00e9e. Ce comit\u00e9, \u00e9galement appel\u00e9 The&nbsp;Seven Samurai, sera bient\u00f4t constitu\u00e9.<\/p>\n\n\n\n<h4><strong>\u00c0 propos du WOMEX<\/strong><\/h4>\n\n\n\n<p>Le&nbsp;<strong>World Music Expo<\/strong>&nbsp;(<strong>WOMEX<\/strong>) est un \u00e9v\u00e9nement d\u2019une dur\u00e9e de cinq jours qui se d\u00e9roule tous les ans dans une ville europ\u00e9enne diff\u00e9rente.<\/p>\n\n\n\n<p>Il s\u2019agit d\u2019une plateforme de r\u00e9seautage international \u00e0 l\u2019intention de l\u2019industrie de la musique du monde qui comprend une foire commerciale florissante, des&nbsp;<strong>spectacles promotionnels<\/strong>, un programme de conf\u00e9rences et de films, ainsi qu\u2019un \u00e9v\u00e9nement d\u2019ouverture \u00e0 l\u2019ambiance festive et une c\u00e9r\u00e9monie de remise de prix.<\/p>\n\n\n\n<p>Depuis 24&nbsp;\u00e9ditions maintenant, le&nbsp;<strong>WOMEX<\/strong>&nbsp;c\u00e9l\u00e8bre l\u2019\u00e9change culturel entre les professionnels venant de partout dans le monde. Sa derni\u00e8re \u00e9dition s\u2019est tenue \u00e0&nbsp;<strong>Las Palmas en Espagne<\/strong>.<\/p>\n\n\n\n<h4>Deadline:<strong>&nbsp;1er mars (avant minuit)<\/strong><\/h4>\n\n\n\n<p>Repris de <a href=\"https:\/\/benincrea.net\/on\/appel-a-candidature-womex-2019\/?fbclid=IwAR0LZCDnKQCjoZl5rRBWpbpDyEl4T4D3sbgeA06s3ehhg1xqA-G59sz8x9g\">B\u00e9ninCr\u00e9a<\/a><\/p>\n","protected":false},"excerpt":{"rendered":"<p>La 25e \u00e9dition du&nbsp;WOMEX&nbsp;se tiendra \u00e0&nbsp;Tampere (Finlande), du 23 au 27 octobre 2019. Les&nbsp;artistes&nbsp;et professionnels de la musique d\u00e9sireux d\u2019y participer, sont invit\u00e9s \u00e0 soumettre leurs candidatures. Les&nbsp;artistes musiciens, DJs, producteurs, conf\u00e9renciers et mentors pr\u00eats \u00e0 partager leurs exp\u00e9riences, sont &hellip; <a href=\"http:\/\/ayitimizik.net\/index.php\/2019\/01\/29\/appel-a-candidatures-womex-2019\/\">Continuer la lecture <span class=\"meta-nav\">&rarr;<\/span><\/a><\/p>\n","protected":false},"author":2,"featured_media":0,"comment_status":"closed","ping_status":"closed","sticky":false,"template":"","format":"standard","meta":[],"categories":[6,15],"tags":[],"_links":{"self":[{"href":"http:\/\/ayitimizik.net\/index.php\/wp-json\/wp\/v2\/posts\/1311"}],"collection":[{"href":"http:\/\/ayitimizik.net\/index.php\/wp-json\/wp\/v2\/posts"}],"about":[{"href":"http:\/\/ayitimizik.net\/index.php\/wp-json\/wp\/v2\/types\/post"}],"author":[{"embeddable":true,"href":"http:\/\/ayitimizik.net\/index.php\/wp-json\/wp\/v2\/users\/2"}],"replies":[{"embeddable":true,"href":"http:\/\/ayitimizik.net\/index.php\/wp-json\/wp\/v2\/comments?post=1311"}],"version-history":[{"count":2,"href":"http:\/\/ayitimizik.net\/index.php\/wp-json\/wp\/v2\/posts\/1311\/revisions"}],"predecessor-version":[{"id":1314,"href":"http:\/\/ayitimizik.net\/index.php\/wp-json\/wp\/v2\/posts\/1311\/revisions\/1314"}],"wp:attachment":[{"href":"http:\/\/ayitimizik.net\/index.php\/wp-json\/wp\/v2\/media?parent=1311"}],"wp:term":[{"taxonomy":"category","embeddable":true,"href":"http:\/\/ayitimizik.net\/index.php\/wp-json\/wp\/v2\/categories?post=1311"},{"taxonomy":"post_tag","embeddable":true,"href":"http:\/\/ayitimizik.net\/index.php\/wp-json\/wp\/v2\/tags?post=1311"}],"curies":[{"name":"wp","href":"https:\/\/api.w.org\/{rel}","templated":true}]}}