{"id":1304,"date":"2019-01-21T21:27:33","date_gmt":"2019-01-21T20:27:33","guid":{"rendered":"http:\/\/ayitimizik.net\/?p=1304"},"modified":"2019-01-21T21:27:33","modified_gmt":"2019-01-21T20:27:33","slug":"appel-a-projets-fokal-art-et-culture","status":"publish","type":"post","link":"http:\/\/ayitimizik.net\/index.php\/2019\/01\/21\/appel-a-projets-fokal-art-et-culture\/","title":{"rendered":"APPEL A PROJETS : FOKAL-Art et Culture"},"content":{"rendered":"\n<ul class=\"wp-block-gallery columns-1 is-cropped\"><li class=\"blocks-gallery-item\"><figure><img loading=\"lazy\" width=\"950\" height=\"495\" src=\"http:\/\/ayitimizik.net\/wp-content\/uploads\/2019\/01\/FOKAL.jpg\" alt=\"\" data-id=\"1305\" data-link=\"http:\/\/ayitimizik.net\/?attachment_id=1305\" class=\"wp-image-1305\" srcset=\"http:\/\/ayitimizik.net\/wp-content\/uploads\/2019\/01\/FOKAL.jpg 950w, http:\/\/ayitimizik.net\/wp-content\/uploads\/2019\/01\/FOKAL-812x423.jpg 812w, http:\/\/ayitimizik.net\/wp-content\/uploads\/2019\/01\/FOKAL-768x400.jpg 768w, http:\/\/ayitimizik.net\/wp-content\/uploads\/2019\/01\/FOKAL-500x261.jpg 500w\" sizes=\"(max-width: 950px) 100vw, 950px\" \/><\/figure><\/li><\/ul>\n\n\n\n<p>APPEL A PROJETS : ART ET CULTURE<br>FOKAL commence \u00e0 recevoir les demandes de subvention pour l&rsquo;ann\u00e9e 2019 \u00e0 partir du vendredi 18 janvier (jusqu&rsquo;au 18 f\u00e9vrier). Les demandes se font exclusivement en ligne \u00e0 partir du site internet&nbsp;<a href=\"https:\/\/l.facebook.com\/l.php?u=http%3A%2F%2Fwww.fokal.org%2F%3Ffbclid%3DIwAR2AKn75kHDJNrcgL1OyJNIBYkW3Qf--dmEnaR09pqGRH_XZH97htjv6P3Y&amp;h=AT3kn5vMc4FwHJkIrY4UFUwd8uX-VaF5QVnlZDKDujUULLzXbdj1c5n0p3irnmptU-VX80JY_3ONUxS1jqEolVmmlot4FlrEnoQvbX0LT6yIWxutuqxzAxlqKYXUeSpfIZ2eERspWoaYBBc-h0ihq5LA08gnqKHWxztHsJsI4X1MKBc1QT68Lq68bWW7h1NI4FceF0Tk1XATLhryV287qPU3RiKS0NRZ9qHcAFyYdkyibBgPPCOXwFMm2zZpYSXwhQauFXpk9BPGKKR8d95j79xvaUZ4Od5okstIhlwyy6ilArvTjwzxJpddTaLxzt-xN4_q1LjrCi0PhJZ7qHq57e6lna1A1-eprzHeR-iPxQoIDVO4chbf1osYksMsueCNUgAccWMAv5sA4JTtmhCoaOiu6z94e2jVXue1Y3sioOoOVRX5pl9uaUMovPos4X9ZHWHJwvPosUZKOcDYcgphSwrSNi_Pe_XY4JlLIMByKoL7s9NuCfIDkiJ2ZUYindIJE743vMQdtC4VftZGyFOLSsdhHj5BuAkrB-h6OjNN2APYzMBD6LAxGZtg2kl3THyKzToC7iqYvTo1F_KzQA3QVQmvjUSUHaDGccW-PMPIhM_jU88g7XKFKSSwY98\" target=\"_blank\" rel=\"noreferrer noopener\">www.fokal.org<\/a>, par un formulaire d\u00e9di\u00e9. Le formulaire en ligne permet une plus grande clart\u00e9 dans les demandes envoy\u00e9es \u00e0 FOKAL, ce qui rend l\u2019analyse des dossiers plus rapide et syst\u00e9matique.<br><a href=\"https:\/\/fokal.org\/index.php\/programmes\/art-et-culture?fbclid=IwAR3Cs-OH_vqGbGcuc-EL_1AqISsjFZgbvqu3iDE02sxAAzBfcyiXTwYDhlY\" target=\"_blank\" rel=\"noreferrer noopener\">https:\/\/fokal.org\/index.php\/programmes\/art-et-culture<\/a><\/p>\n","protected":false},"excerpt":{"rendered":"<p>APPEL A PROJETS : ART ET CULTUREFOKAL commence \u00e0 recevoir les demandes de subvention pour l&rsquo;ann\u00e9e 2019 \u00e0 partir du vendredi 18 janvier (jusqu&rsquo;au 18 f\u00e9vrier). Les demandes se font exclusivement en ligne \u00e0 partir du site internet&nbsp;www.fokal.org, par un &hellip; <a href=\"http:\/\/ayitimizik.net\/index.php\/2019\/01\/21\/appel-a-projets-fokal-art-et-culture\/\">Continuer la lecture <span class=\"meta-nav\">&rarr;<\/span><\/a><\/p>\n","protected":false},"author":2,"featured_media":0,"comment_status":"closed","ping_status":"closed","sticky":false,"template":"","format":"standard","meta":[],"categories":[6],"tags":[],"_links":{"self":[{"href":"http:\/\/ayitimizik.net\/index.php\/wp-json\/wp\/v2\/posts\/1304"}],"collection":[{"href":"http:\/\/ayitimizik.net\/index.php\/wp-json\/wp\/v2\/posts"}],"about":[{"href":"http:\/\/ayitimizik.net\/index.php\/wp-json\/wp\/v2\/types\/post"}],"author":[{"embeddable":true,"href":"http:\/\/ayitimizik.net\/index.php\/wp-json\/wp\/v2\/users\/2"}],"replies":[{"embeddable":true,"href":"http:\/\/ayitimizik.net\/index.php\/wp-json\/wp\/v2\/comments?post=1304"}],"version-history":[{"count":1,"href":"http:\/\/ayitimizik.net\/index.php\/wp-json\/wp\/v2\/posts\/1304\/revisions"}],"predecessor-version":[{"id":1306,"href":"http:\/\/ayitimizik.net\/index.php\/wp-json\/wp\/v2\/posts\/1304\/revisions\/1306"}],"wp:attachment":[{"href":"http:\/\/ayitimizik.net\/index.php\/wp-json\/wp\/v2\/media?parent=1304"}],"wp:term":[{"taxonomy":"category","embeddable":true,"href":"http:\/\/ayitimizik.net\/index.php\/wp-json\/wp\/v2\/categories?post=1304"},{"taxonomy":"post_tag","embeddable":true,"href":"http:\/\/ayitimizik.net\/index.php\/wp-json\/wp\/v2\/tags?post=1304"}],"curies":[{"name":"wp","href":"https:\/\/api.w.org\/{rel}","templated":true}]}}