{"id":1301,"date":"2019-01-21T16:28:56","date_gmt":"2019-01-21T15:28:56","guid":{"rendered":"http:\/\/ayitimizik.net\/?p=1301"},"modified":"2019-01-21T21:27:08","modified_gmt":"2019-01-21T20:27:08","slug":"appel-a-candidatures-cite-internationale-des-arts-2019","status":"publish","type":"post","link":"http:\/\/ayitimizik.net\/index.php\/2019\/01\/21\/appel-a-candidatures-cite-internationale-des-arts-2019\/","title":{"rendered":"APPEL A CANDIDATURES : Cit\u00e9 Internationale des Arts 2019"},"content":{"rendered":"\n<ul class=\"wp-block-gallery columns-1 is-cropped\"><li class=\"blocks-gallery-item\"><figure><img loading=\"lazy\" width=\"950\" height=\"621\" src=\"http:\/\/ayitimizik.net\/wp-content\/uploads\/2019\/01\/rsidence2019-702x459.jpg\" alt=\"\" data-id=\"1302\" data-link=\"http:\/\/ayitimizik.net\/?attachment_id=1302\" class=\"wp-image-1302\" srcset=\"http:\/\/ayitimizik.net\/wp-content\/uploads\/2019\/01\/rsidence2019-702x459.jpg 950w, http:\/\/ayitimizik.net\/wp-content\/uploads\/2019\/01\/rsidence2019-702x459-647x423.jpg 647w, http:\/\/ayitimizik.net\/wp-content\/uploads\/2019\/01\/rsidence2019-702x459-768x502.jpg 768w, http:\/\/ayitimizik.net\/wp-content\/uploads\/2019\/01\/rsidence2019-702x459-459x300.jpg 459w\" sizes=\"(max-width: 950px) 100vw, 950px\" \/><\/figure><\/li><\/ul>\n\n\n\n<p>La Cit\u00e9 internationale des arts vient de lancer son appel \u00e0 candidatures pour des r\u00e9sidences \u00e0 la Cit\u00e9 internationale des arts \u00e0 partir de juillet 2019.<\/p>\n\n\n\n<p>Cet appel est ouvert \u00e0 des artistes du monde entier (y compris de France) de toutes disciplines (arts visuels, \u00e9critures, musique, spectacle vivant), \u00e2g\u00e9s de 18 ans ou plus, qui souhaitent solliciter une r\u00e9sidence pour une dur\u00e9e de 2 \u00e0 12 mois \u00e0 Paris.<\/p>\n\n\n\n<p>L\u2019appel est ouvert jusqu\u2019au 1<sup>er<\/sup>&nbsp;mars \u00e0 minuit (heure de Paris).<\/p>\n\n\n\n<p>Les artistes doivent d\u00e9poser directement leur candidature \u00e0 ce lien&nbsp;:<\/p>\n\n\n\n<p>En fran\u00e7ais&nbsp;:&nbsp;<a href=\"https:\/\/www.citedesartsparis.net\/commissions-printemps-2019\">https:\/\/www.citedesartsparis.net\/commissions-printemps-2019<\/a><\/p>\n\n\n\n<p>En anglais&nbsp;:&nbsp;<a href=\"https:\/\/www.citedesartsparis.net\/en\/committees-spring-2019\">https:\/\/www.citedesartsparis.net\/en\/committees-spring-2019<\/a><\/p>\n\n\n\n<p>Pour toute question concernant les candidatures vous pouvez envoyer un email \u00e0 l\u2019adresse suivante&nbsp;:&nbsp;<a href=\"mailto:commissions@citedesartsparis.fr\">commissions@citedesartsparis.fr<\/a><\/p>\n","protected":false},"excerpt":{"rendered":"<p>La Cit\u00e9 internationale des arts vient de lancer son appel \u00e0 candidatures pour des r\u00e9sidences \u00e0 la Cit\u00e9 internationale des arts \u00e0 partir de juillet 2019. Cet appel est ouvert \u00e0 des artistes du monde entier (y compris de France) &hellip; <a href=\"http:\/\/ayitimizik.net\/index.php\/2019\/01\/21\/appel-a-candidatures-cite-internationale-des-arts-2019\/\">Continuer la lecture <span class=\"meta-nav\">&rarr;<\/span><\/a><\/p>\n","protected":false},"author":2,"featured_media":0,"comment_status":"closed","ping_status":"closed","sticky":false,"template":"","format":"standard","meta":[],"categories":[6,17],"tags":[],"_links":{"self":[{"href":"http:\/\/ayitimizik.net\/index.php\/wp-json\/wp\/v2\/posts\/1301"}],"collection":[{"href":"http:\/\/ayitimizik.net\/index.php\/wp-json\/wp\/v2\/posts"}],"about":[{"href":"http:\/\/ayitimizik.net\/index.php\/wp-json\/wp\/v2\/types\/post"}],"author":[{"embeddable":true,"href":"http:\/\/ayitimizik.net\/index.php\/wp-json\/wp\/v2\/users\/2"}],"replies":[{"embeddable":true,"href":"http:\/\/ayitimizik.net\/index.php\/wp-json\/wp\/v2\/comments?post=1301"}],"version-history":[{"count":1,"href":"http:\/\/ayitimizik.net\/index.php\/wp-json\/wp\/v2\/posts\/1301\/revisions"}],"predecessor-version":[{"id":1303,"href":"http:\/\/ayitimizik.net\/index.php\/wp-json\/wp\/v2\/posts\/1301\/revisions\/1303"}],"wp:attachment":[{"href":"http:\/\/ayitimizik.net\/index.php\/wp-json\/wp\/v2\/media?parent=1301"}],"wp:term":[{"taxonomy":"category","embeddable":true,"href":"http:\/\/ayitimizik.net\/index.php\/wp-json\/wp\/v2\/categories?post=1301"},{"taxonomy":"post_tag","embeddable":true,"href":"http:\/\/ayitimizik.net\/index.php\/wp-json\/wp\/v2\/tags?post=1301"}],"curies":[{"name":"wp","href":"https:\/\/api.w.org\/{rel}","templated":true}]}}