{"id":1296,"date":"2019-01-15T16:57:47","date_gmt":"2019-01-15T15:57:47","guid":{"rendered":"http:\/\/ayitimizik.net\/?p=1296"},"modified":"2019-01-21T21:29:30","modified_gmt":"2019-01-21T20:29:30","slug":"appel-a-candidatures-accueil-des-professionnels-et-des-artistes-etrangers-en-france","status":"publish","type":"post","link":"http:\/\/ayitimizik.net\/index.php\/2019\/01\/15\/appel-a-candidatures-accueil-des-professionnels-et-des-artistes-etrangers-en-france\/","title":{"rendered":"APPEL A CANDIDATURES : Accueil des professionnels et des artistes \u00e9trangers en France"},"content":{"rendered":"\n<figure class=\"wp-block-image\"><img loading=\"lazy\" width=\"950\" height=\"535\" src=\"http:\/\/ayitimizik.net\/wp-content\/uploads\/2019\/01\/France.jpg\" alt=\"\" class=\"wp-image-1308\" srcset=\"http:\/\/ayitimizik.net\/wp-content\/uploads\/2019\/01\/France.jpg 950w, http:\/\/ayitimizik.net\/wp-content\/uploads\/2019\/01\/France-751x423.jpg 751w, http:\/\/ayitimizik.net\/wp-content\/uploads\/2019\/01\/France-768x433.jpg 768w, http:\/\/ayitimizik.net\/wp-content\/uploads\/2019\/01\/France-500x282.jpg 500w\" sizes=\"(max-width: 950px) 100vw, 950px\" \/><\/figure>\n\n\n\n<p>L\u2019accueil des professionnels et des artistes \u00e9trangers est l\u2019un des axes majeurs de l\u2019intervention du minist\u00e8re de la Culture en mati\u00e8re d\u2019action internationale.<br>Parce qu\u2019elle permet la constitution de r\u00e9seaux durables d\u2019\u00e9changes, cette politique r\u00e9pond \u00e0 l\u2019objectif prioritaire de promotion de la diversit\u00e9 culturelle que la France s\u2019est fix\u00e9. Elle se traduit par la mise en \u0153uvre de programmes de formation, de stages et de rencontres dans tous les secteurs de la culture. Plusieurs types d\u2019accueil sont propos\u00e9s.<\/p>\n\n\n\n<ul><li>Leprogramme<strong>&nbsp;\u00ab\u00a0Itin\u00e9raire Culture\u00a0\u00bb<\/strong> (ex \u00ab\u00a0Courants du monde\u00a0\u00bb) <strong>:<\/strong><\/li><\/ul>\n\n\n\n<p>Des s\u00e9minaires collectifs d&rsquo;une dur\u00e9e de dix jours&nbsp;: politiques culturelles et leur administration&nbsp;; financement et \u00e9conomie de la culture ; arts num\u00e9riques et nouveaux enjeux de la cr\u00e9ation num\u00e9rique&nbsp;; conservation physique et num\u00e9rique des collections des biblioth\u00e8ques ; institutions culturelles au service du d\u00e9veloppement territorial.<\/p>\n\n\n\n<ul><li>Le programme<strong>&nbsp;\u00ab\u00a0R\u00e9sidence Culture\u00a0\u00bb <\/strong>(ex \u00ab\u00a0Profession Culture\u00a0\u00bb)<strong>&nbsp;:&nbsp;<\/strong><\/li><\/ul>\n\n\n\n<p>Programme proposant des s\u00e9jours d&rsquo;immersion et de professionnalisation de longue dur\u00e9e, de un \u00e0 trois mois dans des \u00e9tablissements publics culturels et des partenaires conventionn\u00e9s<\/p>\n\n\n\n<ul><li><strong>Un programme de bourses propos\u00e9 par la Direction g\u00e9n\u00e9rale des Patrimoines<\/strong><\/li><\/ul>\n\n\n\n<p>&#8211; bourses \u00ab&nbsp;patrimoine&nbsp;\u00bb<\/p>\n\n\n\n<ul><li><strong>Le&nbsp;<\/strong><a href=\"http:\/\/www.culture.gouv.fr\/Media\/Thematiques\/Europe-et-international\/Appels-a-projets\/Programme-Odyssee\"><strong>programme&nbsp;<\/strong><strong>O<\/strong><\/a><strong><a href=\"http:\/\/www.culture.gouv.fr\/Media\/Thematiques\/Europe-et-international\/Appels-a-projets\/Programme-Odyssee\">dyss\u00e9e<\/a>&nbsp;<\/strong>:<\/li><\/ul>\n\n\n\n<p>Des r\u00e9sidences dans les centres culturels de rencontre ou dans les institutions d&rsquo;arts contemporains<\/p>\n\n\n\n<ul><li><strong>Des&nbsp;<\/strong><strong><a href=\"http:\/\/www.centrenationaldulivre.fr\/fr\/auteur-traducteur\/presentation\/\">bourses de s\u00e9jour<\/a>,&nbsp;<\/strong><strong>bourses d\u2019\u00e9criture&nbsp;<\/strong><strong>mises en place par le Centre national du Livre&nbsp;<\/strong><\/li><\/ul>\n\n\n\n<p><strong>Renseignements :<\/strong><\/p>\n\n\n\n<ul><li><strong>Minist\u00e8re de la Culture<\/strong><br><a href=\"mailto:courantsdumonde.sdaei@culture.gouv.fr\"><strong>contact-international@culture.gouv.fr<\/strong><\/a><\/li><\/ul>\n\n\n\n<p>Plus d&rsquo;informations : <a href=\"http:\/\/www.culture.gouv.fr\/Thematiques\/Europe-et-international\/Accueil-et-formation\">http:\/\/www.culture.gouv.fr\/Thematiques\/Europe-et-international\/Accueil-et-formation<\/a><\/p>\n","protected":false},"excerpt":{"rendered":"<p>L\u2019accueil des professionnels et des artistes \u00e9trangers est l\u2019un des axes majeurs de l\u2019intervention du minist\u00e8re de la Culture en mati\u00e8re d\u2019action internationale.Parce qu\u2019elle permet la constitution de r\u00e9seaux durables d\u2019\u00e9changes, cette politique r\u00e9pond \u00e0 l\u2019objectif prioritaire de promotion de &hellip; <a href=\"http:\/\/ayitimizik.net\/index.php\/2019\/01\/15\/appel-a-candidatures-accueil-des-professionnels-et-des-artistes-etrangers-en-france\/\">Continuer la lecture <span class=\"meta-nav\">&rarr;<\/span><\/a><\/p>\n","protected":false},"author":2,"featured_media":0,"comment_status":"closed","ping_status":"closed","sticky":false,"template":"","format":"standard","meta":[],"categories":[6,18],"tags":[],"_links":{"self":[{"href":"http:\/\/ayitimizik.net\/index.php\/wp-json\/wp\/v2\/posts\/1296"}],"collection":[{"href":"http:\/\/ayitimizik.net\/index.php\/wp-json\/wp\/v2\/posts"}],"about":[{"href":"http:\/\/ayitimizik.net\/index.php\/wp-json\/wp\/v2\/types\/post"}],"author":[{"embeddable":true,"href":"http:\/\/ayitimizik.net\/index.php\/wp-json\/wp\/v2\/users\/2"}],"replies":[{"embeddable":true,"href":"http:\/\/ayitimizik.net\/index.php\/wp-json\/wp\/v2\/comments?post=1296"}],"version-history":[{"count":5,"href":"http:\/\/ayitimizik.net\/index.php\/wp-json\/wp\/v2\/posts\/1296\/revisions"}],"predecessor-version":[{"id":1309,"href":"http:\/\/ayitimizik.net\/index.php\/wp-json\/wp\/v2\/posts\/1296\/revisions\/1309"}],"wp:attachment":[{"href":"http:\/\/ayitimizik.net\/index.php\/wp-json\/wp\/v2\/media?parent=1296"}],"wp:term":[{"taxonomy":"category","embeddable":true,"href":"http:\/\/ayitimizik.net\/index.php\/wp-json\/wp\/v2\/categories?post=1296"},{"taxonomy":"post_tag","embeddable":true,"href":"http:\/\/ayitimizik.net\/index.php\/wp-json\/wp\/v2\/tags?post=1296"}],"curies":[{"name":"wp","href":"https:\/\/api.w.org\/{rel}","templated":true}]}}