{"id":1293,"date":"2019-01-15T15:27:20","date_gmt":"2019-01-15T14:27:20","guid":{"rendered":"http:\/\/ayitimizik.net\/?p=1293"},"modified":"2019-01-15T15:27:20","modified_gmt":"2019-01-15T14:27:20","slug":"appel-a-candidatures-masa-2020-jusquau-30-juin-2019","status":"publish","type":"post","link":"http:\/\/ayitimizik.net\/index.php\/2019\/01\/15\/appel-a-candidatures-masa-2020-jusquau-30-juin-2019\/","title":{"rendered":"APPEL A CANDIDATURES : MASA 2020 jusqu&rsquo;au 30 juin 2019"},"content":{"rendered":"\n<h2>MASA 2020 : Appel \u00e0 candidatures aux groupes artistiques Conte, Danse, Humour, Musique, Th\u00e9\u00e2tre, Slam<\/h2>\n\n\n\n<p><em>\u00a0<\/em><\/p>\n\n\n\n<figure class=\"wp-block-image\"><img src=\"http:\/\/www.fr.masa.ci\/wp-content\/uploads\/2018\/12\/MASA-2020.png\" alt=\"\"\/><\/figure>\n\n\n\n<p><strong>Du 07 au 14 mars 2020<\/strong>, se tiendra \u00e0 Abidjan, la&nbsp;<strong>11\u00e8me \u00e9dition du March\u00e9 des Arts du Spectacle d\u2019Abidjan (MASA)<\/strong>. Sont \u00e9ligibles au titre du programme officiel, les cr\u00e9ations remplissant les conditions suivantes :<\/p>\n\n\n\n<p><strong>1. Un spectacle de moins de trois (03) ans.<\/strong><\/p>\n\n\n\n<p><strong>2. L\u2019 effectif du groupe, y compris l\u2019\u00e9quipe d\u2019encadrement et le manager, ne devra pas exc\u00e9der :<\/strong><\/p>\n\n\n\n<p>\u2013 03 personnes pour l\u2019Humour ;<br>\u2013 03 personnes pour le Slam ;<br>\u2013 04 personnes pour le Conte ;<br>\u2013 08 personnes pour la Danse contemporaine ;<br>\u2013 10 personnes pour la Musique ;<br>\u2013 10 personnes pour le Th\u00e9\u00e2tre ;<br>\u2013 15 personnes pour la Danse patrimoniale.<\/p>\n\n\n\n<p><strong>Les membres du m\u00eame groupe feront l\u2019aller et le retour d\u2019Abidjan \u00e0 partir de la m\u00eame ville. Celle-ci sera pr\u00e9cis\u00e9e sur la fiche de candidature.<\/strong><\/p>\n\n\n\n<p><strong>3. Les d\u00e9cors et accessoires ne doivent \u00eatre ni lourds ni encombrants et doivent \u00eatre transportables sur les vols r\u00e9guliers.<\/strong><\/p>\n\n\n\n<p><strong>4. Le dossier de candidature pour la s\u00e9lection officielle du MASA 2020 comprendra :<\/strong><\/p>\n\n\n\n<p><strong>4.1. Une lettre de candidature adress\u00e9e \u00e0 la Direction G\u00e9n\u00e9rale du MASA ;<\/strong><\/p>\n\n\n\n<p><strong>4.2. Une photo de sc\u00e8ne du groupe ;<\/strong><\/p>\n\n\n\n<p><strong>4.3. Une captation vid\u00e9o du spectacle. Les Teasers et clips vid\u00e9os ne sont pas accept\u00e9s ;<\/strong><\/p>\n\n\n\n<p><strong>4.4. La liste des cr\u00e9ations et diffusions des trois (03) derni\u00e8res ann\u00e9es ou un press-book ;<\/strong><\/p>\n\n\n\n<p><strong>4.5. Une fiche de distribution indiquant :<\/strong><\/p>\n\n\n\n<p>\u2013 La ville de d\u00e9part du groupe ;<br>\u2013 La liste des personnes composant le groupe avec la mention de la date de naissance et la fonction dans le groupe ;<br>\u2013 Les noms et pr\u00e9noms du r\u00e9gisseur ou du manager pour la musique, de l\u2019administrateur pour les autres disciplines ;<br>\u2013 L\u2019 auteur, le metteur en sc\u00e8ne ou le chor\u00e9graphe.<\/p>\n\n\n\n<p><strong>4.6. Une pr\u00e9sentation du spectacle pr\u00e9cisant :<\/strong><\/p>\n\n\n\n<p>\u2013 La date de cr\u00e9ation ;<br>\u2013 Le th\u00e8me ;<br>\u2013 La d\u00e9marche ;<br>\u2013 Un r\u00e9sum\u00e9 de l\u2019histoire mise en sc\u00e8ne pour le conte, l\u2019humour, la danse et le th\u00e9\u00e2tre, les textes des chansons pour la musique et le slam.<\/p>\n\n\n\n<p><strong>4.7. La fiche technique indiquant :<\/strong><\/p>\n\n\n\n<p>\u2013 Les dimensions de sc\u00e8nes souhait\u00e9es ;<br>\u2013 Les besoins en \u00e9clairage et en sonorisation du spectacle et le personnel technique n\u00e9cessaire ;<br>\u2013 La dur\u00e9e du montage et du d\u00e9montage du spectacle ;<br>\u2013 Le poids et le volume des d\u00e9cors et accessoires.<\/p>\n\n\n\n<p><strong>Les documents transmis demeurent la propri\u00e9t\u00e9 du MASA qui s\u2019engage \u00e0 ne pas les exploiter \u00e0 des fins commerciales.<\/strong><\/p>\n\n\n\n<p>Les dossiers de candidature peuvent \u00eatre envoy\u00e9s :<br>\u2013 Par mail :<strong>&nbsp;administration@masa.ci<\/strong><br>\u2013 Ou par la poste :&nbsp;<strong>Direction G\u00e9n\u00e9rale du MASA, Plateau, Rue Toussaint Louverture 09 BP 2877 Abidjan 09 \u2013 C\u00f4te d\u2019Ivoire<\/strong>, au plus tard,&nbsp;&nbsp;<strong>le 30 juin 2019, le cachet de la poste faisant foi.<\/strong><\/p>\n\n\n\n<p>La liste des groupes retenus pour la s\u00e9lection officielle sera publi\u00e9e&nbsp;<strong>le 30 septembre 2019<\/strong>.&nbsp;<strong>Un mod\u00e8le de dossier de candidature est disponible sur le site internet du MASA.<\/strong><\/p>\n\n\n\n<p><strong>MASA FESTIVAL 2020<\/strong><\/p>\n\n\n\n<p>Une programmation OFF est ouverte aux groupes qui prennent en charge leurs frais de voyage et de s\u00e9jour. Des sc\u00e8nes seront anim\u00e9es dans les quartiers. Les dossiers de candidatures pour le MASA Festival sont identiques \u00e0 ceux du MASA March\u00e9, tels que d\u00e9taill\u00e9s plus haut.<br>Les dossiers doivent parvenir au MASA,&nbsp;<strong>le 30 octobre 2019 au plus tard<\/strong>. La liste des groupes retenus pour le MASA Festival sera publi\u00e9e&nbsp;<strong>le 30 novembre 2019<\/strong>.<\/p>\n\n\n\n<p><strong>\u2013 2000 professionnels attendus.<\/strong><br><strong>\u2013 100 troupes attendues dont 55 dans le MASA March\u00e9 et 45 dans le MASA Festival.<\/strong><br><strong>\u2013 Des nocturnes de 10 000 \u00e0 25 000 spectateurs.<\/strong><br><strong>\u2013 Le village MASA :<\/strong><\/p>\n\n\n\n<p><strong>. 50 maquis-restaurants ;<\/strong><br><strong>. 50 stands d\u2019artisans ;<\/strong><br><strong>. 100 stands professionnels.<\/strong><\/p>\n\n\n\n<p><strong>\u2013 C\u0153ur de la manifestation : Palais de la Culture<\/strong><\/p>\n\n\n\n<p><a href=\"http:\/\/www.fr.masa.ci\/wp-content\/uploads\/2018\/07\/Appel-a%CC%80-candidatures-MASA-2020.pdf\" target=\"_blank\" rel=\"noreferrer noopener\">T\u00c9L\u00c9CHARGER L\u2019APPEL&nbsp;<\/a>&nbsp;<a href=\"http:\/\/www.fr.masa.ci\/wp-content\/uploads\/2018\/07\/Exemple-de-dossier-de-candidature-.pdf\" target=\"_blank\" rel=\"noreferrer noopener\">EXEMPLE DE DOSSIER&nbsp;<\/a><\/p>\n","protected":false},"excerpt":{"rendered":"<p>MASA 2020 : Appel \u00e0 candidatures aux groupes artistiques Conte, Danse, Humour, Musique, Th\u00e9\u00e2tre, Slam \u00a0 Du 07 au 14 mars 2020, se tiendra \u00e0 Abidjan, la&nbsp;11\u00e8me \u00e9dition du March\u00e9 des Arts du Spectacle d\u2019Abidjan (MASA). Sont \u00e9ligibles au titre &hellip; <a href=\"http:\/\/ayitimizik.net\/index.php\/2019\/01\/15\/appel-a-candidatures-masa-2020-jusquau-30-juin-2019\/\">Continuer la lecture <span class=\"meta-nav\">&rarr;<\/span><\/a><\/p>\n","protected":false},"author":2,"featured_media":0,"comment_status":"closed","ping_status":"closed","sticky":false,"template":"","format":"standard","meta":[],"categories":[6,15],"tags":[],"_links":{"self":[{"href":"http:\/\/ayitimizik.net\/index.php\/wp-json\/wp\/v2\/posts\/1293"}],"collection":[{"href":"http:\/\/ayitimizik.net\/index.php\/wp-json\/wp\/v2\/posts"}],"about":[{"href":"http:\/\/ayitimizik.net\/index.php\/wp-json\/wp\/v2\/types\/post"}],"author":[{"embeddable":true,"href":"http:\/\/ayitimizik.net\/index.php\/wp-json\/wp\/v2\/users\/2"}],"replies":[{"embeddable":true,"href":"http:\/\/ayitimizik.net\/index.php\/wp-json\/wp\/v2\/comments?post=1293"}],"version-history":[{"count":1,"href":"http:\/\/ayitimizik.net\/index.php\/wp-json\/wp\/v2\/posts\/1293\/revisions"}],"predecessor-version":[{"id":1294,"href":"http:\/\/ayitimizik.net\/index.php\/wp-json\/wp\/v2\/posts\/1293\/revisions\/1294"}],"wp:attachment":[{"href":"http:\/\/ayitimizik.net\/index.php\/wp-json\/wp\/v2\/media?parent=1293"}],"wp:term":[{"taxonomy":"category","embeddable":true,"href":"http:\/\/ayitimizik.net\/index.php\/wp-json\/wp\/v2\/categories?post=1293"},{"taxonomy":"post_tag","embeddable":true,"href":"http:\/\/ayitimizik.net\/index.php\/wp-json\/wp\/v2\/tags?post=1293"}],"curies":[{"name":"wp","href":"https:\/\/api.w.org\/{rel}","templated":true}]}}