{"id":1235,"date":"2018-10-29T20:59:27","date_gmt":"2018-10-29T19:59:27","guid":{"rendered":"http:\/\/ayitimizik.net\/?p=1235"},"modified":"2018-10-29T20:59:27","modified_gmt":"2018-10-29T19:59:27","slug":"annonce-seminaire-empire-music","status":"publish","type":"post","link":"http:\/\/ayitimizik.net\/index.php\/2018\/10\/29\/annonce-seminaire-empire-music\/","title":{"rendered":"ANNONCE : SEMINAIRE EMPIRE MUSIC"},"content":{"rendered":"<p><img loading=\"lazy\" class=\"aligncenter size-full wp-image-1236\" src=\"http:\/\/ayitimizik.net\/wp-content\/uploads\/2018\/10\/empire.jpg\" alt=\"\" width=\"960\" height=\"504\" srcset=\"http:\/\/ayitimizik.net\/wp-content\/uploads\/2018\/10\/empire.jpg 960w, http:\/\/ayitimizik.net\/wp-content\/uploads\/2018\/10\/empire-806x423.jpg 806w, http:\/\/ayitimizik.net\/wp-content\/uploads\/2018\/10\/empire-768x403.jpg 768w, http:\/\/ayitimizik.net\/wp-content\/uploads\/2018\/10\/empire-500x263.jpg 500w\" sizes=\"(max-width: 960px) 100vw, 960px\" \/><\/p>\n<p>Premier s\u00e9minaire organis\u00e9 par Dream Empire, soci\u00e9t\u00e9 d\u2019\u00e9dition, de conseil et d\u2019\u00e9v\u00e9nementiel cog\u00e9r\u00e9e par Hugline J\u00e9r\u00f4me (bas\u00e9e en Ha\u00efti) et par Rebecca Marival (bas\u00e9e \u00e0 Paris). L\u2019Empire Music Training 101 se d\u00e9roulera en Ha\u00efti entre le 6 et le 11 novembre 2018.<br \/>\nDestin\u00e9 aux artistes-musiciens, auteurs et compositeurs, il s\u2019agit d\u2019un s\u00e9minaire de coaching, pour mieux conna\u00eetre et comprendre les enjeux \u00e9conomiques de l\u2019industrie de la musique. Ainsi les s\u00e9minaristes pourront \u00eatre mieux document\u00e9s sur les m\u00e9tiers qui r\u00e9gissent l\u2019univers musical.<br \/>\nViendront de Paris, des sp\u00e9cialistes de la world music, de la musique afro-carib\u00e9enne et de la musique urbaine : Rebecca Marival, attach\u00e9e de presse et femme de m\u00e9dias, Mich\u00e8le Beltan, label manager et Fran\u00e7ois Taveau, \u00e9diteur.<br \/>\nSans oublier des professionnels incontournables en Ha\u00efti tels que Emmelie Proph\u00e8te (Directrice BHDA), Carl-Frederick Behrmann (A&amp;R), Richard Cav\u00e9 (artiste-musicien, leader du groupe Ka\u00ef) et Me Vanessa Abdel-Razak (Avocate)<br \/>\nCe s\u00e9minaire sera anim\u00e9 par la star des m\u00e9dias et des r\u00e9seaux sociaux en Ha\u00efti, Carel Pedre.<\/p>\n<p>Plus de renseignement : +(509) 40 30 39 82 \/ 34 46 39 82 \/\u00a0<a href=\"https:\/\/web.facebook.com\/events\/295403694397730\/\">Empire Music Training 101<\/a><\/p>\n","protected":false},"excerpt":{"rendered":"<p>Premier s\u00e9minaire organis\u00e9 par Dream Empire, soci\u00e9t\u00e9 d\u2019\u00e9dition, de conseil et d\u2019\u00e9v\u00e9nementiel cog\u00e9r\u00e9e par Hugline J\u00e9r\u00f4me (bas\u00e9e en Ha\u00efti) et par Rebecca Marival (bas\u00e9e \u00e0 Paris). L\u2019Empire Music Training 101 se d\u00e9roulera en Ha\u00efti entre le 6 et le 11 &hellip; <a href=\"http:\/\/ayitimizik.net\/index.php\/2018\/10\/29\/annonce-seminaire-empire-music\/\">Continuer la lecture <span class=\"meta-nav\">&rarr;<\/span><\/a><\/p>\n","protected":false},"author":2,"featured_media":0,"comment_status":"closed","ping_status":"closed","sticky":false,"template":"","format":"standard","meta":[],"categories":[6,18],"tags":[],"_links":{"self":[{"href":"http:\/\/ayitimizik.net\/index.php\/wp-json\/wp\/v2\/posts\/1235"}],"collection":[{"href":"http:\/\/ayitimizik.net\/index.php\/wp-json\/wp\/v2\/posts"}],"about":[{"href":"http:\/\/ayitimizik.net\/index.php\/wp-json\/wp\/v2\/types\/post"}],"author":[{"embeddable":true,"href":"http:\/\/ayitimizik.net\/index.php\/wp-json\/wp\/v2\/users\/2"}],"replies":[{"embeddable":true,"href":"http:\/\/ayitimizik.net\/index.php\/wp-json\/wp\/v2\/comments?post=1235"}],"version-history":[{"count":1,"href":"http:\/\/ayitimizik.net\/index.php\/wp-json\/wp\/v2\/posts\/1235\/revisions"}],"predecessor-version":[{"id":1237,"href":"http:\/\/ayitimizik.net\/index.php\/wp-json\/wp\/v2\/posts\/1235\/revisions\/1237"}],"wp:attachment":[{"href":"http:\/\/ayitimizik.net\/index.php\/wp-json\/wp\/v2\/media?parent=1235"}],"wp:term":[{"taxonomy":"category","embeddable":true,"href":"http:\/\/ayitimizik.net\/index.php\/wp-json\/wp\/v2\/categories?post=1235"},{"taxonomy":"post_tag","embeddable":true,"href":"http:\/\/ayitimizik.net\/index.php\/wp-json\/wp\/v2\/tags?post=1235"}],"curies":[{"name":"wp","href":"https:\/\/api.w.org\/{rel}","templated":true}]}}