{"id":1231,"date":"2018-10-13T00:24:21","date_gmt":"2018-10-12T22:24:21","guid":{"rendered":"http:\/\/ayitimizik.net\/?p=1231"},"modified":"2018-10-13T00:24:21","modified_gmt":"2018-10-12T22:24:21","slug":"appel-a-projet-programmes-en-scene-et-contrat-de-confiance-de-loif","status":"publish","type":"post","link":"http:\/\/ayitimizik.net\/index.php\/2018\/10\/13\/appel-a-projet-programmes-en-scene-et-contrat-de-confiance-de-loif\/","title":{"rendered":"APPEL A PROJET : PROGRAMMES EN SCENE ET CONTRAT DE CONFIANCE DE L&rsquo;OIF"},"content":{"rendered":"<p><img loading=\"lazy\" class=\"alignleft size-full wp-image-1229\" src=\"http:\/\/ayitimizik.net\/wp-content\/uploads\/2018\/10\/OIF.png\" alt=\"\" width=\"950\" height=\"405\" srcset=\"http:\/\/ayitimizik.net\/wp-content\/uploads\/2018\/10\/OIF.png 950w, http:\/\/ayitimizik.net\/wp-content\/uploads\/2018\/10\/OIF-900x384.png 900w, http:\/\/ayitimizik.net\/wp-content\/uploads\/2018\/10\/OIF-768x327.png 768w, http:\/\/ayitimizik.net\/wp-content\/uploads\/2018\/10\/OIF-500x213.png 500w\" sizes=\"(max-width: 950px) 100vw, 950px\" \/><\/p>\n<p>Deux appels \u00e0 projets de l\u2019Organisation Internationale de la Francophonie, dans le domaine de la cr\u00e9ation contemporaine, ouvrent lundi prochain (15\/10) :<br \/>\n&#8211; En sc\u00e8ne, qui concerne le financement de d\u00e9placements internationaux (festivals, tourn\u00e9es)<br \/>\n&#8211; Contrat de confiance, qui intervient dans l\u2019appui \u00e0 des entreprises culturelles.<\/p>\n<p>Informations et d\u00e9p\u00f4t des projets \u00e0 l\u2019adresse : <a href=\"http:\/\/artsetcreations.francophonie.org\/\" target=\"_blank\" rel=\"noopener nofollow\" data-ft=\"{&quot;tn&quot;:&quot;-U&quot;}\" data-lynx-mode=\"origin\" data-lynx-uri=\"https:\/\/l.facebook.com\/l.php?u=http%3A%2F%2Fartsetcreations.francophonie.org%2F&amp;h=AT1xAI0J7rxR-KMmzs7HsoWzJd_w8em9bqiry5Ht655W-Jj3pyK4xVLcb4hRISjlx5kJVZLawBqGMG_PSWUaoOBPO2PRD3UxtPKYWQJkeA3AhmNh3_xuwIVquQS6LgZBqfqR024FS8db_EM0oSsQnzYGANaMZOUlOnauh4Cc94PY_cSdigv6LOLX7ys0fPL9hA_TPkILP4o9xWCyuDQngJ-v3A6igRkHJo0lemJ6UN-aapKYSRzgePImmPy_g1uSsqa7isdpfmaIH2Gg7G4FUJxTuFGmtObZCDQUbQKt7i9F7yJCdIn1fntTW5MH0CjntyqR9TRPTdM9fGWGYz9yFZaslRAtG3jlh8YAyCBt5t2NWFZiVtZE9WrDZL7_dCO05TmNOqi3DqOCzoFyVZjPoygyUVQVwNdKpyc\">http:\/\/artsetcreations.francophonie.org\/<\/a><\/p>\n","protected":false},"excerpt":{"rendered":"<p>Deux appels \u00e0 projets de l\u2019Organisation Internationale de la Francophonie, dans le domaine de la cr\u00e9ation contemporaine, ouvrent lundi prochain (15\/10) : &#8211; En sc\u00e8ne, qui concerne le financement de d\u00e9placements internationaux (festivals, tourn\u00e9es) &#8211; Contrat de confiance, qui intervient &hellip; <a href=\"http:\/\/ayitimizik.net\/index.php\/2018\/10\/13\/appel-a-projet-programmes-en-scene-et-contrat-de-confiance-de-loif\/\">Continuer la lecture <span class=\"meta-nav\">&rarr;<\/span><\/a><\/p>\n","protected":false},"author":2,"featured_media":0,"comment_status":"closed","ping_status":"closed","sticky":false,"template":"","format":"standard","meta":[],"categories":[6],"tags":[],"_links":{"self":[{"href":"http:\/\/ayitimizik.net\/index.php\/wp-json\/wp\/v2\/posts\/1231"}],"collection":[{"href":"http:\/\/ayitimizik.net\/index.php\/wp-json\/wp\/v2\/posts"}],"about":[{"href":"http:\/\/ayitimizik.net\/index.php\/wp-json\/wp\/v2\/types\/post"}],"author":[{"embeddable":true,"href":"http:\/\/ayitimizik.net\/index.php\/wp-json\/wp\/v2\/users\/2"}],"replies":[{"embeddable":true,"href":"http:\/\/ayitimizik.net\/index.php\/wp-json\/wp\/v2\/comments?post=1231"}],"version-history":[{"count":1,"href":"http:\/\/ayitimizik.net\/index.php\/wp-json\/wp\/v2\/posts\/1231\/revisions"}],"predecessor-version":[{"id":1232,"href":"http:\/\/ayitimizik.net\/index.php\/wp-json\/wp\/v2\/posts\/1231\/revisions\/1232"}],"wp:attachment":[{"href":"http:\/\/ayitimizik.net\/index.php\/wp-json\/wp\/v2\/media?parent=1231"}],"wp:term":[{"taxonomy":"category","embeddable":true,"href":"http:\/\/ayitimizik.net\/index.php\/wp-json\/wp\/v2\/categories?post=1231"},{"taxonomy":"post_tag","embeddable":true,"href":"http:\/\/ayitimizik.net\/index.php\/wp-json\/wp\/v2\/tags?post=1231"}],"curies":[{"name":"wp","href":"https:\/\/api.w.org\/{rel}","templated":true}]}}