{"id":1184,"date":"2018-09-11T16:39:17","date_gmt":"2018-09-11T14:39:17","guid":{"rendered":"http:\/\/ayitimizik.net\/?p=1184"},"modified":"2018-09-12T20:23:11","modified_gmt":"2018-09-12T18:23:11","slug":"appel-a-candidatures-south-by-southwest","status":"publish","type":"post","link":"http:\/\/ayitimizik.net\/index.php\/2018\/09\/11\/appel-a-candidatures-south-by-southwest\/","title":{"rendered":"APPEL A CANDIDATURES : South By Southwest"},"content":{"rendered":"<header>\n<h1>South By Southwest : candidature avant le 25 octobre<\/h1>\n<\/header>\n<div class=\"cover\"><img loading=\"lazy\" class=\"\" src=\"http:\/\/www.zonefranche.com\/public\/images\/styles\/news_cover\/f6910b40-8b52-11e8-925a-279526c002b8.png\" width=\"951\" height=\"261\" \/><\/div>\n<div class=\"chapo\">L&rsquo;\u00e9dition 2019 aura lieu du 8 au 17 mars \u00e0 Austin (Texas).<\/div>\n<div class=\"content-body\">\n<p>Ce festival fr\u00e9quent\u00e9 par plus de 30 000 professionnels, 3000 journalistes et des milliers de m\u00e9lomanes et musiciens est une r\u00e9elle opportunit\u00e9 pour les artistes qui y sont programm\u00e9s.<br \/>\nLes candidatures pour les showcases sont ouvertes jusqu&rsquo;au 13 septembre pour un tarif pr\u00e9f\u00e9rentiel (35$) et jusqu&rsquo;au 25 octobre en derni\u00e8re limite (55$).<br \/>\nPlusieurs cat\u00e9gories de candidatures sont propos\u00e9es : panelpicker, showcase, film submissions, interactive innovation awards, SXSW Art Program.<br \/>\nToutes les informations sur ce <a href=\"https:\/\/www.sxsw.com\/festivals\/\" target=\"_blank\" rel=\"noopener\">lien<\/a>.<\/p>\n<\/div>\n","protected":false},"excerpt":{"rendered":"<p>South By Southwest : candidature avant le 25 octobre L&rsquo;\u00e9dition 2019 aura lieu du 8 au 17 mars \u00e0 Austin (Texas). Ce festival fr\u00e9quent\u00e9 par plus de 30 000 professionnels, 3000 journalistes et des milliers de m\u00e9lomanes et musiciens est &hellip; <a href=\"http:\/\/ayitimizik.net\/index.php\/2018\/09\/11\/appel-a-candidatures-south-by-southwest\/\">Continuer la lecture <span class=\"meta-nav\">&rarr;<\/span><\/a><\/p>\n","protected":false},"author":2,"featured_media":0,"comment_status":"closed","ping_status":"closed","sticky":false,"template":"","format":"standard","meta":[],"categories":[6,15],"tags":[],"_links":{"self":[{"href":"http:\/\/ayitimizik.net\/index.php\/wp-json\/wp\/v2\/posts\/1184"}],"collection":[{"href":"http:\/\/ayitimizik.net\/index.php\/wp-json\/wp\/v2\/posts"}],"about":[{"href":"http:\/\/ayitimizik.net\/index.php\/wp-json\/wp\/v2\/types\/post"}],"author":[{"embeddable":true,"href":"http:\/\/ayitimizik.net\/index.php\/wp-json\/wp\/v2\/users\/2"}],"replies":[{"embeddable":true,"href":"http:\/\/ayitimizik.net\/index.php\/wp-json\/wp\/v2\/comments?post=1184"}],"version-history":[{"count":1,"href":"http:\/\/ayitimizik.net\/index.php\/wp-json\/wp\/v2\/posts\/1184\/revisions"}],"predecessor-version":[{"id":1185,"href":"http:\/\/ayitimizik.net\/index.php\/wp-json\/wp\/v2\/posts\/1184\/revisions\/1185"}],"wp:attachment":[{"href":"http:\/\/ayitimizik.net\/index.php\/wp-json\/wp\/v2\/media?parent=1184"}],"wp:term":[{"taxonomy":"category","embeddable":true,"href":"http:\/\/ayitimizik.net\/index.php\/wp-json\/wp\/v2\/categories?post=1184"},{"taxonomy":"post_tag","embeddable":true,"href":"http:\/\/ayitimizik.net\/index.php\/wp-json\/wp\/v2\/tags?post=1184"}],"curies":[{"name":"wp","href":"https:\/\/api.w.org\/{rel}","templated":true}]}}