{"id":1171,"date":"2015-11-11T14:41:46","date_gmt":"2015-11-11T13:41:46","guid":{"rendered":"http:\/\/ayitimizik.net\/?p=1171"},"modified":"2018-09-07T14:47:43","modified_gmt":"2018-09-07T12:47:43","slug":"communique-de-presse-plateau-jeunes-talents-annee-1","status":"publish","type":"post","link":"http:\/\/ayitimizik.net\/index.php\/2015\/11\/11\/communique-de-presse-plateau-jeunes-talents-annee-1\/","title":{"rendered":"COMMUNIQU\u00c9 DE PRESSE : Plateau Jeunes Talents (ann\u00e9e 1)"},"content":{"rendered":"<p><img loading=\"lazy\" class=\"alignleft size-medium wp-image-961\" src=\"http:\/\/ayitimizik.net\/wp-content\/uploads\/2018\/08\/Ayiti-Mizik-en-t\u00eate-900x259.jpg\" alt=\"\" width=\"900\" height=\"259\" srcset=\"http:\/\/ayitimizik.net\/wp-content\/uploads\/2018\/08\/Ayiti-Mizik-en-t\u00eate-900x259.jpg 900w, http:\/\/ayitimizik.net\/wp-content\/uploads\/2018\/08\/Ayiti-Mizik-en-t\u00eate-768x221.jpg 768w, http:\/\/ayitimizik.net\/wp-content\/uploads\/2018\/08\/Ayiti-Mizik-en-t\u00eate-500x144.jpg 500w, http:\/\/ayitimizik.net\/wp-content\/uploads\/2018\/08\/Ayiti-Mizik-en-t\u00eate.jpg 1000w\" sizes=\"(max-width: 900px) 100vw, 900px\" \/><\/p>\n<p><img loading=\"lazy\" class=\"align none size-thumbnail wp-image-476\" src=\"http:\/\/ayitimizik.net\/wp-content\/uploads\/2016\/11\/Talia-asbl-logo-150x150.png\" alt=\"\" width=\"150\" height=\"150\" srcset=\"http:\/\/ayitimizik.net\/wp-content\/uploads\/2016\/11\/Talia-asbl-logo-150x150.png 150w, http:\/\/ayitimizik.net\/wp-content\/uploads\/2016\/11\/Talia-asbl-logo-423x423.png 423w, http:\/\/ayitimizik.net\/wp-content\/uploads\/2016\/11\/Talia-asbl-logo-237x237.png 237w, http:\/\/ayitimizik.net\/wp-content\/uploads\/2016\/11\/Talia-asbl-logo.png 425w\" sizes=\"(max-width: 150px) 100vw, 150px\" \/><img loading=\"lazy\" class=\"alignnone size-full wp-image-519\" src=\"http:\/\/ayitimizik.net\/wp-content\/uploads\/2016\/12\/wbi-new-logo.jpg\" alt=\"\" width=\"210\" height=\"120\" \/><\/p>\n<p>Port-au-Prince, 11 novembre 2015 \u2013 Ayiti Mizik, l\u2019Association ha\u00eftienne des professionnels de la musique et l\u2019association belge Talia asbl sont heureuses de vous informer du lancement du projet Plateau Jeunes Talents 2015.<br \/>\nSoutenu financi\u00e8rement par Wallonie Bruxelles International, le projet d\u00e9butera par une s\u00e9rie d\u2019ateliers qui se d\u00e9rouleront du 17 au 21 novembre 2015, au centre de ressources pour la musique, Kay Mizik La.<\/p>\n<p>Situ\u00e9 dans la lign\u00e9e du spectacle Ha\u00efti un autre regard, ce projet a pour objectif de contribuer \u00e0 un \u00e9change de comp\u00e9tences en mati\u00e8re de professionnalisation, de formation et de cr\u00e9ation afin d\u2019encourager l\u2019\u00e9mergence d\u2019une nouvelle sc\u00e8ne musicale ha\u00eftienne.<\/p>\n<p>Durant 5 jours, les huit artistes s\u00e9lectionn\u00e9s b\u00e9n\u00e9ficieront d\u2019ateliers en \u00e9criture de textes, coaching vocal, coaching musical, coaching sc\u00e9nique. Les ateliers se cl\u00f4tureront par des rencontres entre les participants et les 3 formateurs internationaux ayant mise en \u0153uvre le spectacle Ewa Ha\u00efti. Parall\u00e8lement aux ateliers artistiques, un accompagnement et une formation seront organis\u00e9s \u00e0 destination de deux sonorisateurs.<\/p>\n<p>La presse en particulier et le public en g\u00e9n\u00e9ral sont invit\u00e9s \u00e0 assister gratuitement au concert de restitution des ateliers, qui se d\u00e9roulera :<\/p>\n<p>Samedi 21 novembre \u00e0 7h pm<br \/>\nA Kay Mizik La<br \/>\n35 ruelle Roy \u00e0 Port-au-Prince<\/p>\n<p>A l\u2019issue de cette formation, 4 artistes ou techniciens seront invit\u00e9s \u00e0 Bruxelles pour une dur\u00e9e d\u2019un mois, dans le cadre d\u2019une r\u00e9sidence de cr\u00e9ation et de formation, coordonn\u00e9e par Talia Asbl.<\/p>\n<p>Le projet Plateau Jeunes Talents est financ\u00e9 par Wallonie-Bruxelles International dans le cadre du programme de coop\u00e9ration bilat\u00e9rale entre la R\u00e9publique d\u2019Ha\u00efti et les Gouvernements de la Wallonie et de la F\u00e9d\u00e9ration Wallonie-Bruxelles.<\/p>\n<p>Contact et informations : info@ayitimizik.ht<br \/>\n+509 2813 11 43<\/p>\n","protected":false},"excerpt":{"rendered":"<p>Port-au-Prince, 11 novembre 2015 \u2013 Ayiti Mizik, l\u2019Association ha\u00eftienne des professionnels de la musique et l\u2019association belge Talia asbl sont heureuses de vous informer du lancement du projet Plateau Jeunes Talents 2015. Soutenu financi\u00e8rement par Wallonie Bruxelles International, le projet &hellip; <a href=\"http:\/\/ayitimizik.net\/index.php\/2015\/11\/11\/communique-de-presse-plateau-jeunes-talents-annee-1\/\">Continuer la lecture <span class=\"meta-nav\">&rarr;<\/span><\/a><\/p>\n","protected":false},"author":2,"featured_media":0,"comment_status":"closed","ping_status":"closed","sticky":false,"template":"","format":"standard","meta":[],"categories":[14],"tags":[],"_links":{"self":[{"href":"http:\/\/ayitimizik.net\/index.php\/wp-json\/wp\/v2\/posts\/1171"}],"collection":[{"href":"http:\/\/ayitimizik.net\/index.php\/wp-json\/wp\/v2\/posts"}],"about":[{"href":"http:\/\/ayitimizik.net\/index.php\/wp-json\/wp\/v2\/types\/post"}],"author":[{"embeddable":true,"href":"http:\/\/ayitimizik.net\/index.php\/wp-json\/wp\/v2\/users\/2"}],"replies":[{"embeddable":true,"href":"http:\/\/ayitimizik.net\/index.php\/wp-json\/wp\/v2\/comments?post=1171"}],"version-history":[{"count":3,"href":"http:\/\/ayitimizik.net\/index.php\/wp-json\/wp\/v2\/posts\/1171\/revisions"}],"predecessor-version":[{"id":1174,"href":"http:\/\/ayitimizik.net\/index.php\/wp-json\/wp\/v2\/posts\/1171\/revisions\/1174"}],"wp:attachment":[{"href":"http:\/\/ayitimizik.net\/index.php\/wp-json\/wp\/v2\/media?parent=1171"}],"wp:term":[{"taxonomy":"category","embeddable":true,"href":"http:\/\/ayitimizik.net\/index.php\/wp-json\/wp\/v2\/categories?post=1171"},{"taxonomy":"post_tag","embeddable":true,"href":"http:\/\/ayitimizik.net\/index.php\/wp-json\/wp\/v2\/tags?post=1171"}],"curies":[{"name":"wp","href":"https:\/\/api.w.org\/{rel}","templated":true}]}}