{"id":1120,"date":"2012-11-09T16:54:45","date_gmt":"2012-11-09T15:54:45","guid":{"rendered":"http:\/\/ayitimizik.net\/?p=1120"},"modified":"2018-09-03T17:04:10","modified_gmt":"2018-09-03T15:04:10","slug":"table-ronde-pour-une-reconnaissance-des-metiers-de-la-musique","status":"publish","type":"post","link":"http:\/\/ayitimizik.net\/index.php\/2012\/11\/09\/table-ronde-pour-une-reconnaissance-des-metiers-de-la-musique\/","title":{"rendered":"TABLE RONDE : Pour une reconnaissance des M\u00e9tiers de la musique"},"content":{"rendered":"<p><img loading=\"lazy\" class=\"aligncenter size-full wp-image-961\" src=\"http:\/\/ayitimizik.net\/wp-content\/uploads\/2018\/08\/Ayiti-Mizik-en-t\u00eate.jpg\" alt=\"\" width=\"1000\" height=\"288\" srcset=\"http:\/\/ayitimizik.net\/wp-content\/uploads\/2018\/08\/Ayiti-Mizik-en-t\u00eate.jpg 1000w, http:\/\/ayitimizik.net\/wp-content\/uploads\/2018\/08\/Ayiti-Mizik-en-t\u00eate-900x259.jpg 900w, http:\/\/ayitimizik.net\/wp-content\/uploads\/2018\/08\/Ayiti-Mizik-en-t\u00eate-768x221.jpg 768w, http:\/\/ayitimizik.net\/wp-content\/uploads\/2018\/08\/Ayiti-Mizik-en-t\u00eate-500x144.jpg 500w\" sizes=\"(max-width: 1000px) 100vw, 1000px\" \/><\/p>\n<p><strong>TABLE RONDE<\/strong><\/p>\n<p><strong><u>POUR UNE RECONNAISSANCE DES METIERS DE LA MUSIQUE<\/u><\/strong><\/p>\n<p>&nbsp;<\/p>\n<p><strong>OUVERTURE\u00a0: DISCOURS DE MARIE-LAURENCE JOCELYN LASSEGUE<\/strong><\/p>\n<p>Marie-Laurence Jocelyn Lass\u00e8gue a insist\u00e9 sur le besoin de reconnaissance l\u00e9gale des m\u00e9tiers de la musique. Elle a rappel\u00e9 \u00e9galement le besoin de rencontres des membres du secteur, besoin auquel Kay Mizik la offre enfin une r\u00e9ponse. Enfin, elle a salu\u00e9 l\u2019effort de structuration du secteur men\u00e9 par Ayiti Mizik.<\/p>\n<p>&nbsp;<\/p>\n<p><strong>TABLE-RONDE 1\u00a0: L\u2019ARTISTE\u00a0: INTERPRETE (CHANTEUR, MUSICIEN, CHEF D\u2019ORCHESTRE, ETC.) \/ AUTEUR \/ COMPOSITEUR<\/strong><\/p>\n<p><u>Intervenants<\/u>\u00a0:<\/p>\n<ol>\n<li>Mimerose Beaubrun<\/li>\n<li>Murielle Augustin \u00ab\u00a0Miu\u00a0\u00bb<\/li>\n<li>Fran\u00e7ois Fortun\u00e9 \u00ab\u00a0Tinonm\u00a0\u00bb<\/li>\n<\/ol>\n<p>M\u00e9diateur\u00a0: Raoul Denis Jr<\/p>\n<p>&nbsp;<\/p>\n<p><strong>1er intervenant: Mimerose Beaubrun<\/strong><\/p>\n<p><strong>Question 1<\/strong>: Quels ont \u00e9t\u00e9 les plus grands moments de la carri\u00e8re de Boukman Eksperyans\u00a0?<\/p>\n<p><strong>R\u00e9ponse\u00a01<\/strong>: Notre carri\u00e8re est longue et nous avons v\u00e9cu de grands moments, mais je pense que c\u2019est avec le succ\u00e8s du Carnaval \u00ab\u00a0K\u00e8 m pa sote\u00a0\u00bb que tout a vraiment commenc\u00e9. C\u2019est cette musique qui nous a propuls\u00e9s sur le devant de la sc\u00e8ne.<\/p>\n<p><strong>Question 2<\/strong>\u00a0: Comment Boukman Eksperyans est-il structur\u00e9\u00a0?<\/p>\n<p><strong>R\u00e9ponse\u00a02 <\/strong>: Nous avons des agents sur diff\u00e9rents territoires, mais c\u2019est moi ici qui assure la coordination. Je fais une exp\u00e9rience de manager. Je me souviens de notre premier management, Dan Berhman, qui est rest\u00e9 notre mod\u00e8le. Je suis son exemple.<\/p>\n<p>&nbsp;<\/p>\n<p><strong>2eme intervenant<\/strong>\u00a0: Murielle Augustin \u00ab\u00a0Miu\u00a0\u00bb<\/p>\n<p><strong>Question 1<\/strong>\u00a0: Quels sont les artistes des g\u00e9n\u00e9rations ant\u00e9rieures qui vous ont inspir\u00e9\u00a0et pourquoi\u00a0?<\/p>\n<p><strong>R\u00e9ponse 1<\/strong>\u00a0: Je ne peux pas dire qu\u2019il y en ait un en particulier. Je suis une \u00e9ponge. Je m\u2019inspire de tout ce que j\u2019entends autour de moi.<\/p>\n<p><strong>Question 2<\/strong>\u00a0: Qu\u2019est-ce qu\u2019il manque aux jeunes musiciens actuels pour se d\u00e9velopper?<\/p>\n<p><strong>R\u00e9ponse 2<\/strong>\u00a0: Il leur manque tellement de choses\u00a0! C\u2019est pourquoi je pense qu\u2019il est important que les jeunes musiciens, et le secteur en g\u00e9n\u00e9ral, se retrouve dans une association telle que Ayiti Mizik, pour faire entendre ses besoins et ses droits afin d\u2019am\u00e9liorer la situation des musiciens et du secteur musical.<\/p>\n<p>&nbsp;<\/p>\n<p><strong>3eme intervenant<\/strong>\u00a0: Francois Fortun\u00e9 \u00ab\u00a0Tinonm\u00a0\u00bb<\/p>\n<p><strong>Question 1<\/strong>\u00a0: Comment trouvez-vous l\u2019inspiration\u00a0? Comment composez-vous\u00a0?<\/p>\n<p><strong>R\u00e9ponse 1<\/strong>\u00a0: L\u2019inspiration survient dans le calme, la plupart du temps. Il faut prendre du retrait, rester dans l\u2019obscurit\u00e9. Il y a alors une sorte de d\u00e9doublement qui se passe apr\u00e8s la confrontation avec l\u2019ext\u00e9rieur. C\u2019est l\u00e0 que les sentiments se mettent en musique.<\/p>\n<p>&nbsp;<\/p>\n<p><strong>TABLE-RONDE 2\u00a0: L\u2019ENCADREMENT\u00a0: MANAGER \/ EDITEUR<\/strong><\/p>\n<p><u>Intervenants<\/u>\u00a0:<\/p>\n<ol>\n<li>Raoul Denis Jr<\/li>\n<li>Charlot Murat<\/li>\n<li>Akinson B\u00e9lizaire \u00ab\u00a0Zagalo\u00a0\u00bb<\/li>\n<\/ol>\n<p>M\u00e9diateur\u00a0: Rosny Ladouceur<\/p>\n<p>&nbsp;<\/p>\n<p><strong>1er intervenant: Charlot Murat<\/strong><\/p>\n<p><strong>Question 1<\/strong>: Comment\u00a0\u00eates\u00a0vous parvenu \u00e0\u00a0asseoir\u00a0B\u00e9lo sur la\u00a0sc\u00e8ne\u00a0internationale?<\/p>\n<p><strong>R\u00e9ponse\u00a01<\/strong>: Je salue cette initiative d&rsquo;Ayiti Mizik parce que la musique est le\u00a0pilier\u00a0central du secteur culturel en Ha\u00efti.\u00a0Quand j&rsquo;ai\u00a0commenc\u00e9\u00a0dans le\u00a0m\u00e9tier\u00a0de manager on\u00a0m\u2019appelait\u00a0\u00ab\u00a0Jazman\u00a0\u00bb, il\u00a0n\u2019\u00e9tait\u00a0pas encore question de manager. Le manager fait tout dans ce pays et il est\u00a0responsable\u00a0de tout ce qui arrive en bien ou en mal dans la\u00a0carri\u00e8re\u00a0de l&rsquo;artiste. Le\u00a0march\u00e9\u00a0musical en Ha\u00efti est\u00a0\u00e9conomiquement\u00a0petit, les salles de spectacles diminuent en nombre de jour en jour de\u00a0mani\u00e8re\u00a0chronique, tandis que la population augmente. L&rsquo;Artiste a besoin de tout un encadrement pour fonctionner (manager, agent, tourneur,\u00a0attach\u00e9\u00a0de presse&#8230;), ce que le march\u00e9 ici ne permet pas de faire. A\u00a0pr\u00e9sent le peuple nous connait, mais la\u00a0soci\u00e9t\u00e9\u00a0ne nous connait pas; il nous fait faire un lobbying pour nous faire\u00a0reconna\u00eetre.<\/p>\n<p><strong>Question 2<\/strong>: Que conseillez vous a un jeune qui\u00a0d\u00e9sire\u00a0commencer dans le domaine musical en Ha\u00efti actuellement?<\/p>\n<p><strong>R\u00e9ponse\u00a02<\/strong>: Il n&rsquo;y a pas de formations disponibles en Ha\u00efti dans ce domaine, \u00e0 part quelques formations par ci par l\u00e0, dont celles offertes par Ayiti Mizik. Ceux qui se trouvent dans ce secteur actuellement sont en\u00a0majorit\u00e9\u00a0des\u00a0autodidactes. Ce qu&rsquo;il faut \u00e0 un jeune qui commence dans le domaine c&rsquo;est la discipline, la foi, la\u00a0vigueur.<\/p>\n<p>&nbsp;<\/p>\n<p><strong>2eme intervenant: Akinson Belizaire \u00ab\u00a0Zagalo\u00a0\u00bb<\/strong><\/p>\n<p><strong>Question 1<\/strong>: A quelles exigences vous devez\u00a0r\u00e9pondre\u00a0en invitant une formation musicale internationale?<\/p>\n<p><strong>R\u00e9ponse\u00a01<\/strong>: Notre\u00a0premi\u00e8re\u00a0exp\u00e9rience\u00a0avec\u00a0une formation musicale internationale, fut avec KASAV, ils nous ont fait\u00a0\u00e9norm\u00e9ment\u00a0d&rsquo;exigences. Jocelyne Berouard nous a\u00a0m\u00eame\u00a0fait savoir qu&rsquo;elle\u00a0\u00e9tait\u00a0allergique\u00a0\u00e0 la couleur sur les murs de sa chambre\u00a0d\u2019h\u00f4tel\u00a0par exemple. Au\u00a0d\u00e9but\u00a0nous pensions que ces gens l\u00e0 avaient la grosse\u00a0t\u00eate mais au fur et mesure nous avons\u00a0r\u00e9alis\u00e9\u00a0que toutes ces exigences sont normales, et que\u00a0c\u2019\u00e9tait\u00a0nous qui\u00a0\u00e9tions\u00a0en retard \u00e0 ce niveau. Alors on s&rsquo;est mis au go\u00fbt du jour et je peux dire que ces\u00a0exp\u00e9riences\u00a0nous ont appris \u00e0 mieux traiter les artistes locaux avec qui on travaille. Il faut donc suivre les principes du\u00a0m\u00e9tier.<\/p>\n<p><strong>Question 2<\/strong>: Quelles\u00a0difficult\u00e9s\u00a0rencontrez-vous lors de l&rsquo;organisation d&rsquo;une\u00a0tourn\u00e9e?<\/p>\n<p><strong>R\u00e9ponse\u00a02<\/strong>: Organiser une\u00a0tourn\u00e9e\u00a0est\u00a0tr\u00e8s\u00a0difficile en Ha\u00efti, il est temps de poser des balises dans le secteur. Il n&rsquo;est pas\u00a0ais\u00e9\u00a0de traiter avec nos\u00a0fr\u00e8res\u00a0ha\u00eftiens, ils ne respectent rien, ni\u00a0d\u00e9lais\u00a0de paiement, ni le montant\u00a0convenu&#8230; C&rsquo;est pour cela qu&rsquo;il faut\u00a0r\u00e9gulariser\u00a0le secteur.<\/p>\n<p><strong><i>Charlot Murat compl\u00e8te\u00a0:\u00a0<\/i><\/strong>C&rsquo;est parce que n&rsquo;importe qui s&rsquo;improvise producteur de spectacle. Dans d&rsquo;autres pays, cette personne a besoin d\u2019une licence pour fonctionner, il est donc\u00a0justiciable. Ici, il est difficile d\u2019avoir\u00a0 recours \u00e0 la justice dans ces cas-l\u00e0.<\/p>\n<p>&nbsp;<\/p>\n<p><strong>3eme intervenant: Raoul Denis Jr.<\/strong><\/p>\n<p><strong>Question 1<\/strong>:\u00a0Vous avez une\u00a0tr\u00e8s\u00a0longue liste de belles\u00a0r\u00e9alisations\u00a0derri\u00e8re\u00a0vous, quelle est la\u00a0cl\u00e9\u00a0de votre\u00a0succ\u00e8s?<\/p>\n<p><strong>R\u00e9ponse\u00a01<\/strong>: Au fait il n&rsquo;y a pas qu&rsquo;une\u00a0cl\u00e9, il y a tout un\u00a0trousseau. Il faut de la discipline, le respect des autres et de soi, la constance, avoir un objectif bien\u00a0d\u00e9fini\u00a0et savoir ce qu&rsquo;on veut laisser pour la\u00a0soci\u00e9t\u00e9.<\/p>\n<p>&nbsp;<\/p>\n<p><strong>Intervention du public:<\/strong><\/p>\n<p><strong>Marie-Laurence J.L<\/strong>.: Je voulais\u00a0pr\u00e9ciser\u00a0que lorsque je parlais de\u00a0lobby, je faisais r\u00e9f\u00e9rence\u00a0au moment o\u00f9 les lois parviendront au parlement pour\u00a0\u00eatre\u00a0vot\u00e9es.<\/p>\n<p><strong>Milena Sandler<\/strong>: Je dois\u00a0pr\u00e9ciser\u00a0que la\u00a0premi\u00e8re\u00a0\u00e9tape\u00a0est franchie, car on a remis le document pour la reconnaissance des\u00a0m\u00e9tiers\u00a0de la musique \u00e0 la ministre des affaires sociales qui l&rsquo;a\u00a0re\u00e7u\u00a0avec plaisir et nous a\u00a0donn\u00e9\u00a0l&rsquo;assurance d&rsquo;en faire le suivi.<\/p>\n<p><strong>Syto Cav\u00e9<\/strong>: Je trouve que cette affaire\u00a0d\u2019\u00eatre\u00a0allergique\u00a0\u00e0 la couleur de sa chambre est une impertinence de la part de Jocelyne Berouard.<\/p>\n<p>J&rsquo;aimerais vous dire que \u00e0\u00a0l\u2019\u00e9poque\u00a0o\u00f9 il\u00a0avait\u00a03000 personnes dans un bal, il n&rsquo;y avait pas beaucoup de formations musicales non plus, contrairement \u00e0 aujourd&rsquo;hui.<\/p>\n<p>Pour Charlot, je voudrais dire qu&rsquo;il faudrait\u00a0arr\u00eater\u00a0ces allusions comme celle que vous venez de faire entre les termes peuple et\u00a0soci\u00e9t\u00e9. Car la\u00a0soci\u00e9t\u00e9\u00a0est la version\u00a0organis\u00e9e du\u00a0peuple.<\/p>\n<p><strong>Raoul Denis Jr.:<\/strong>Je dois\u00a0r\u00e9pondre\u00a0\u00e0 M. Syto Cave qu&rsquo;il n&rsquo;y pas d&rsquo;impertinence dans l&rsquo;attitude de Jocelyne Berouard. Si le producteur de spectacle a\u00a0sign\u00e9\u00a0que madame ne voulait pas cette couleur dans sa chambre, il doit\u00a0imp\u00e9rativement\u00a0le respecter. Ce qu&rsquo;il faut si l&rsquo;on\u00a0pr\u00e9voit\u00a0de ne pas pouvoir satisfaire une exigence, c&rsquo;est\u00a0n\u00e9gocier\u00a0avant de signer.<\/p>\n<p><strong>Vilanes Joseph:\u00a0<\/strong>Depuis tout ce temps pourquoi on n&rsquo;a rien fait pour\u00a0r\u00e9gulariser\u00a0ce secteur?<\/p>\n<p><strong>Raoul Denis Jr.:\u00a0<\/strong>Ceci est une bonne question. Pas trop loin, au Etats-Unis, quand un groupe\u00a0\u00e9tranger\u00a0vient jouer sur leur territoire, il leur faut une\u00a0p\u00e9tition\u00a0qui peut\u00a0co\u00fbter\u00a0jusqu\u2019\u00e0\u00a0USD 6,000.00, sinon on\u00a0consid\u00e8re\u00a0que vous travaillez\u00a0ill\u00e9galement\u00a0dans le pays. Cet argent va servir \u00e0vous d\u00e9dommager\u00a0en cas de litige avec le producteur de spectacle, ou s&rsquo;il vous arrive un accident sur leur territoire par exemple. Ce serait bien que le pourcentage recouvert par la DGI sur les spectacles serve \u00e0 quelque chose pour les gens du secteur.<\/p>\n<p>&nbsp;<\/p>\n<p><strong>TABLE-RONDE 3\u00a0: L\u2019ENREGISTREMENT\u00a0: PRODUCTEUR DE DISQUE \/ DISTRIBUTEUR \/ REALISATEUR-<em>PRODUCER<\/em>\/ ARRANGEUR, ETC.<\/strong><\/p>\n<p><u>Intervenants<\/u>\u00a0:<\/p>\n<ol>\n<li>Carl-Fr\u00e9d\u00e9ric Berhman repr\u00e9sent\u00e9e par sa femme<\/li>\n<li>Gardy Girault<\/li>\n<li>David Philippe-Auguste<\/li>\n<li>Fabrice Rouzier<\/li>\n<li>Alex Valcourt<\/li>\n<\/ol>\n<p>M\u00e9diateur\u00a0: Roberson Alphonse<\/p>\n<p>&nbsp;<\/p>\n<p><strong>1er intervenant:\u00a0Mme Berhman<\/strong><\/p>\n<p><strong>Question 1<\/strong>: Qu&rsquo;est-ce qu&rsquo;il faut pour maintenir un label?<\/p>\n<p><strong>R\u00e9ponse\u00a01<\/strong>:\u00a0Baoli Records est\u00a0aujourd\u2019hui\u00a0\u00e2g\u00e9\u00a0de 5 ans, on a\u00a0commenc\u00e9\u00a0avec Jean-Bernard Thomas. A Baoli Records, on donne \u00e0 l&rsquo;artiste l&rsquo;encadrement qu&rsquo;il lui faut pour se\u00a0d\u00e9velopper. Nous aidons l&rsquo;artiste \u00e0 se structurer\u00a0gr\u00e2ce\u00a0\u00e0 nos connaissances et nous lui faisons connaitre ses droits. Nous avons un accord avec Sony ADB\u00a0gr\u00e2ce\u00a0auquel on peut soumettre les produits de nos artistes, au cas o\u00f9 un artiste les int\u00e9resserait. Aujourd&rsquo;hui, nous sommes confront\u00e9s \u00e0 un\u00a0probl\u00e8me\u00a0d&rsquo;absence de lois locales, ce qu&rsquo;il nous faut pour que les droits des artistes soient\u00a0respect\u00e9s. Il est temps de respecter les normes internationales.<\/p>\n<p><strong>Question 2<\/strong>: Apr\u00e8s avoir investi dans un disque, comment voyez-vous l&rsquo;avenir de ce disque?<\/p>\n<p><strong>R\u00e9ponse\u00a02<\/strong>: Quand nous avons sorti l&rsquo;album de Jonathan Perry, nous n&rsquo;avons vendu que 5000 albums au niveau national. Le\u00a0probl\u00e8me\u00a0de piratage est mondial, je peux\u00a0m\u00eame\u00a0dire qu&rsquo;il est bien moindre en Ha\u00efti, car ici, des que les gens on la\u00a0possibilit\u00e9, ils\u00a0pr\u00e9f\u00e8rent\u00a0avoir l&rsquo;original du disque.<\/p>\n<p>&nbsp;<\/p>\n<p><strong>2e intervenant: Fabrice Rouzier<\/strong><\/p>\n<p><strong>Question 1<\/strong>:\u00a0Pourquoi pensez-vous que les groupes musicaux ne produisent pas suffisamment d&rsquo;album?<\/p>\n<p><strong>R\u00e9ponse\u00a01<\/strong>: Aujourd&rsquo;hui la production d&rsquo;un album + son impression en 3000 exemplaires avoisine les USD 50,000.00 (pour le genre Compas). Pour le rentabiliser, les sponsors sont indispensables. Le disque\u00a0arriv\u00e9\u00a0sur le march\u00e9\u00a0co\u00fbte\u00a0USD 7.00 alors que celui du pirate\u00a0co\u00fbte\u00a0GDS 50.00. Ces dix\u00a0derni\u00e8res\u00a0ann\u00e9es, on peut compter sur les\u00a0doigts\u00a0de la main les groupes qui ont eu une\u00a0\u00e9closion\u00a0totale. La\u00a0qualit\u00e9\u00a0de la production musicale est en baisse et est difficilement monnay\u00e9e. Economiquement\u00a0cela ne vaut plus la peine. Le Compas est un genre en voie de disparition.<\/p>\n<p><strong>Question 2<\/strong>: D&rsquo;ou vient ce\u00a0probl\u00e8me\u00a0de\u00a0qualit\u00e9\u00a0que confronte la musique actuellement?<\/p>\n<p><strong>R\u00e9ponse\u00a02<\/strong>:\u00a0Auparavant,\u00a0c\u2019\u00e9tait\u00a0le musicien le plus\u00a0chevronn\u00e9\u00a0du groupe qui\u00a0\u00e9tait\u00a0l\u2019arrangeur, maintenant, c&rsquo;est celui qui parle le plus fort.\u00a0Auparavant les morceaux de musique\u00a0\u00e9taient\u00a0la somme de l&rsquo;apport de tous les musiciens du groupe; aujourd&rsquo;hui, c&rsquo;est celui qui se trouve devant le computer qui donne une direction au morceau. De nos jours il n&rsquo;y a plus\u00a0l\u2019\u00e9change\u00a0; or la musique est faite\u00a0d\u2019\u00e9changes.<\/p>\n<p><strong>Question 3<\/strong>: Dans ce cas, que devons nous faire?<\/p>\n<p><strong>R\u00e9ponse\u00a03<\/strong>:\u00a0Il y a un cri\u00a0d\u2019alarme\u00a0\u00e0 lancer. Il faut pousser les jeunes \u00e0 aimer le compas en\u00a0r\u00e9visant\u00a0les anciens morceaux depuis les\u00a0ann\u00e9es\u00a040 et ceci est le devoir des\u00a0m\u00e9dias. Car il y a un manque de\u00a0m\u00e9moire\u00a0qui occasionne un manque de culture flagrante. En passant, Kay Mizik la a une bonne\u00a0discoth\u00e8que\u00a0\u00e0 visiter.<\/p>\n<p>&nbsp;<\/p>\n<p><strong>3eme intervenant:\u00a0David Philippe-Auguste<\/strong><\/p>\n<p><strong>Question 1<\/strong>:\u00a0De nos jours les\u00a0r\u00e9seaux\u00a0sociaux sont\u00a0tr\u00e8s\u00a0importants dans la\u00a0carri\u00e8re\u00a0des artistes, comment les utilisez-vous dans la\u00a0celle\u00a0de Miu?<\/p>\n<p><strong>R\u00e9ponse\u00a01<\/strong>:\u00a0Le bureau des Droits d&rsquo;auteur en Ha\u00efti n&rsquo;est pas une garantie pour l&rsquo;artiste internationalement. En utilisant les\u00a0r\u00e9seaux\u00a0sociaux, l&rsquo;artiste\u00a0ha\u00eftien\u00a0ne\u00a0b\u00e9n\u00e9ficie\u00a0que de\u00a0visibilit\u00e9 vu toutes les\u00a0proc\u00e9dures\u00a0peu\u00a0r\u00e9alisables\u00a0qu&rsquo;il lui faut suivre pour\u00a0b\u00e9n\u00e9ficier\u00a0des avantages offerts par certains sites comme Youtube.<\/p>\n<p>&nbsp;<\/p>\n<p><strong>4eme intervenant:\u00a0Alex Valcourt<\/strong><\/p>\n<p><strong>Question 1<\/strong>:\u00a0Il parait que les artistes du Rap Kreyol ont\u00a0trouv\u00e9\u00a0une solution pour combattre le\u00a0piratage\u00a0de leurs\u00a0\u0153uvres,\u00a0\u00e0 savoir la bastonnade des pirates, est-ce vraiment une solution?<\/p>\n<p><strong>Reponse 1<\/strong>:\u00a0Surtout pas, ce n&rsquo;est pas la une solution. Je tiens \u00e0\u00a0pr\u00e9ciser\u00a0que ce sont les fans qui agissent de la sorte, ce ne sont ni Rockfam, ni Barikad Crew. D&rsquo;ailleurs cette affaire de\u00a0piratage\u00a0occasionne beaucoup de\u00a0probl\u00e8mes. Les ressources\u00a0\u00e9conomiques\u00a0se font\u00a0tr\u00e8s\u00a0rares, et nous avons d\u00fb financer nous-m\u00eames\u00a0notre dernier album, ce qui ne fut pas chose facile.<\/p>\n<p>&nbsp;<\/p>\n<p><strong>5eme intervenant:\u00a0Gardy Girault<\/strong><\/p>\n<p><strong>Question 1<\/strong>:\u00a0Vous\u00a0\u00eates\u00a0DJ, comment\u00a0r\u00e9alisez-vous votre travail?<\/p>\n<p><strong>R\u00e9ponse\u00a01<\/strong>:\u00a0Je me concentre sur la production, je\u00a0m\u00e9lange\u00a0les\u00a0rythmes\u00a0compas, racine,\u00a0\u00e9lectronique. Mon objectif est de faire danser les gens sur de la production\u00a0ha\u00eftienne. Je vais chercher la musique des provinces pour\u00a0l\u2019emmener\u00a0au milieu urbain. Parce que, selon moi, nous avons un beau patrimoine qui est \u00e0 la\u00a0d\u00e9rive, je veux le\u00a0r\u00e9cup\u00e9rer.<\/p>\n<p>&nbsp;<\/p>\n<p><strong>Questions du public<\/strong><\/p>\n<p><strong>K-Libre<\/strong>: Nous avons besoin d&rsquo;une politique culturelle qui priorise\u00a0l\u2019\u00e9ducation\u00a0musicale d\u00e8s\u00a0l\u2019\u00e9cole\u00a0classique. Beaucoup de jeunes utilisent la musique comme\u00a0\u00e9chappatoire\u00a0apr\u00e8s\u00a0le secondaire. Nous avons tout de suite un\u00a0probl\u00e8me\u00a0de\u00a0qualit\u00e9\u00a0musicale qui va s&rsquo;ajouter aux\u00a0probl\u00e8mes\u00a0auxquels nous faisons face dans le domaine de la musique urbaine pour la protection de nos \u0153uvres. Que faire?<\/p>\n<p><strong>R\u00e9ponse\u00a0de Fabrice Rousier<\/strong>: Au lieu de\u00a0l\u2019\u00e9ducation\u00a0musicale d\u00e8s\u00a0l\u2019\u00e9cole\u00a0classique, il faudrait \u00e0 la jeunesse une\u00a0\u00e9ducation\u00a0historique de la musique\u00a0ha\u00eftienne\u00a0pour leur permettre de mieux assimiler les richesses du\u00a0pass\u00e9 Dans la musique urbaine, l&rsquo;\u00e9change est toujours possible, vous\u00a0b\u00e9n\u00e9ficiez\u00a0de l&rsquo;apport de tous les gens qui travaillent avec vous, cela rend la production meilleure.<\/p>\n<p><strong>David Philippe-Auguste ajoute:\u00a0<\/strong>La cassure entre les\u00a0g\u00e9n\u00e9rations\u00a0nous\u00a0emp\u00eache\u00a0d\u2019\u00e9voluer.<\/p>\n<p><strong>R\u00e9ponse\u00a0de Fabrice Rouzier<\/strong>:\u00a0Avec dix ans sans nouveaux groupes \u00e0\u00a0succ\u00e8s, il y a une\u00a0\u00e9norme\u00a0baisse de la production. Tous les groupes qui\u00a0\u00e9mergent\u00a0viennent de la diaspora, alors qu&rsquo;avant\u00a0c\u2019\u00e9tait\u00a0l&rsquo;inverse qui se faisait. Je dois le dire\u00a0\u00ab\u00a0Le compas est un genre en voie de disparition\u00a0\u00bb.<\/p>\n<p><strong>Joel Widmaier<\/strong>: Je\u00a0sugg\u00e8re\u00a0qu&rsquo;on s&rsquo;applique \u00e0\u00a0rem\u00e9dier\u00a0\u00e0 la situation, parce que, si Fabrice Rouzier arrive \u00e0 dire que \u00ab\u00a0Le compas est un genre en voie de disparition\u00a0\u00bb, la situation est\u00a0extr\u00eamement\u00a0grave.<\/p>\n<p><strong>Tuco Bouzi<\/strong>: Je vous conseille d&rsquo;honorer vos\u00a0l\u00e9gendes\u00a0tant qu&rsquo;il est encore temps. Nous ne donnons aucune importance \u00e0 nos artistes, comment voulez-vous que le jeunes veuillent ressembler \u00e0 un ancien de la musique\u00a0ha\u00eftienne\u00a0s&rsquo;il ne le connait\u00a0m\u00eame\u00a0pas. Les jeunes n&rsquo;ont aucun\u00a0mod\u00e8le.<\/p>\n<p><strong>Fabrice Rouzier<\/strong>: En effet, c&rsquo;est pour cette raison que je\u00a0sugg\u00e8re\u00a0la diffusion des anciens morceaux, pas seulement le compas, mais aussi toutes les autres tendances.<\/p>\n<p>&nbsp;<\/p>\n<p><strong>TABLE-RONDE 4\u00a0: LA SCENE\u00a0: ENTREPRENEUR DE SPECTACLE \/ ORGANISATEUR DE FESTIVAL \/ TOURNEUR \/ INGENIEUR SON \/ ECLAIRAGISTE, ETC.<\/strong><\/p>\n<p><u>Intervenants<\/u>\u00a0:<\/p>\n<ol>\n<li>Eddy Renaud<\/li>\n<li>Joel Widmaier<\/li>\n<li>Jean-Claude Verdier<\/li>\n<li>Akinson B\u00e9lizaire &lsquo;Zagalo\u00a0\u00bb<\/li>\n<\/ol>\n<p>M\u00e9diateur\u00a0: Bertrand Labarre<\/p>\n<p>&nbsp;<\/p>\n<p><strong>INTERVENANTS \u2013 MODERATEURS \u2013 ORGANISATEURS<\/strong><strong>\u00a0<\/strong><\/p>\n<p><strong>ROBERSON ALPHONSE<\/strong><\/p>\n<p>Journaliste. Responsable de la section actualit\u00e9 nationale au journal <em>Le Nouvelliste<\/em>. Directeur de l&rsquo;information \u00e0 Radio Magik 9 o\u00f9 il anime une matinale \u00ab\u00a0Panel Magik\u00a0\u00bb et \u00ab\u00a0Sakpase\u00a0\u00bb, un magazine hebdomadaire traitant des sujets br\u00fblant d&rsquo;actualit\u00e9.<\/p>\n<p><strong>\u00a0<\/strong><\/p>\n<p><strong>MIMEROSE BEAUBRUN<\/strong><\/p>\n<p>Chanteuse lead et co-fondatrice du groupe Boukman Eksperyans.<\/p>\n<p><strong>\u00a0<\/strong><strong>\u00a0<\/strong><\/p>\n<p><strong>CARL-FREDERIC BERHMANN<\/strong><\/p>\n<p>Musicien et co-fondateur de Baoli Records, label de musique producteur de J-Perry et Jean Bernard Thomas et de Baolipublishing maison d\u2019\u00e9dition, Carl-Fr\u00e9d\u00e9rique Berhmann ancien chanteur de Dega.<\/p>\n<p><strong>\u00a0<\/strong><\/p>\n<p><strong>LOURDES ANNA CHANCY<\/strong><\/p>\n<p>Manager de BIC et tr\u00e9sori\u00e8re de AYITI MIZIK<\/p>\n<p>&nbsp;<\/p>\n<p><strong>RAOUL DENIS JR<\/strong><\/p>\n<p>Auteur-compositeur, pianiste, violoncelliste, professeur de musique, coproducteur et pr\u00e9sentateur d\u2019\u00e9missions de t\u00e9l\u00e9vision, Raoul Denis Jr a \u00e9t\u00e9 consultant au Bureau Ha\u00eftien des Droits d\u2019auteurs pour le Minist\u00e8re de la Culture et de la Communication. Aujourd\u2019hui, il dirige le projet d\u2019Institut National de Musique d\u2019Ha\u00efti &#8211; INAMUH commandit\u00e9 par la Pr\u00e9sidence.<\/p>\n<p>&nbsp;<\/p>\n<p><strong>JEAN GESNER DORVAL (ACCUEIL)<\/strong><\/p>\n<p>Jean Gesner Dorval est aujourd\u2019hui responsable de l\u2019accueil de Kay Mizik La, le Centre de Ressources pour la Musique.<\/p>\n<p>&nbsp;<\/p>\n<p><strong>GARDY GIRAULT<\/strong><\/p>\n<p>Gardy Girault est fait partie de la nouvelle g\u00e9n\u00e9ration en Ha\u00efti. Il a vite compris la tendance actuelle, et sp\u00e9cialis\u00e9 dans la cr\u00e9ation de mix en puisant son inspiration dans la musique traditionnelle ha\u00eftienne.<\/p>\n<p>&nbsp;<\/p>\n<p><strong>PASCALE JAUNAY<\/strong><\/p>\n<p>Docteur \u00e8s Lettres, Pascale Jaunay travaille depuis plus de dix ans dans le domaine de la musique carib\u00e9enne, principalement cubaine et ha\u00eftienne. Elle intervient le plus souvent en tant que manager et organisatrice de tourn\u00e9es. Elle est directrice de l\u2019association CARACOLI et secr\u00e9taire ex\u00e9cutive de AYITI MIZIK. Elle est actuellement charg\u00e9e de la m\u00e9diath\u00e8que et du conseil aux professionnels \u00e0 Kay Mizik la, Centre de Ressources pour la Musique<\/p>\n<p><strong>\u00a0<\/strong><\/p>\n<p><strong>BERTRAND LABARRE<\/strong><\/p>\n<p>Enseignant de sciences \u00e9conomiques et sociales, Bertrand Labarre, dipl\u00f4m\u00e9 d\u2019un master en management des organisations culturelles (Paris Dauphine) est le fondateur de Ha\u00efti en Sc\u00e8ne, une troupe de com\u00e9die musicale qui a produit et r\u00e9alis\u00e9 de grands spectacles tels que Starmania, hommage \u00e0 Michael Jackson, la Cit\u00e9 des lumi\u00e8res, Cabaret etc. Au sein de sa structure, baptis\u00e9e aujourd\u2019hui Ha\u00efti Spectacle, Bertrand Labarre offre des formations aux jeunes chanteurs, danseurs de sa troupe.<\/p>\n<p><strong>\u00a0<\/strong><\/p>\n<p><strong>ROSNY LADOUCEUR<\/strong><\/p>\n<p>N\u00e9 \u00e0 Port-au-Prince en 1987, Rosny a fait des \u00e9tudes de lettres \u00e0 l\u2019UEH. Il est professeur de litt\u00e9rature et r\u00e9dacteur pour Ticket Magazine et pour la section culturelle du <em>Nouvelliste<\/em>. Passionn\u00e9 de jazz, il s\u2019int\u00e9resse particuli\u00e8rement \u00e0 la fili\u00e8re musicale ha\u00eftienne, et aux r\u00f4les que pourraient jouer les media dans sa structuration.<\/p>\n<p>&nbsp;<\/p>\n<p><strong>CHRISTCI LIBERTIN (accueil)<\/strong><\/p>\n<p>N\u00e9e \u00e0 Port-au-Prince dans une famille chr\u00e9tienne, j&rsquo;ai tr\u00e8s t\u00f4t tiss\u00e9 des liens avec la musique. Ma premi\u00e8re composition remonte \u00e0 mes 8 ans, depuis je ch\u00e9ris comme r\u00eave le plus cher de devenir chanteuse et actrice. Mon registre se compose de RNB, de rock et de chansons de genres locaux. Je travaille sur des projets dans le cadre du lancement, d&rsquo;une part, de ma carri\u00e8re en tant qu&rsquo;artiste et,\u00a0a plus long terme, d&rsquo;une plate-forme communautaire pour les professionnels de la musique.<\/p>\n<p><strong>\u00a0<\/strong><\/p>\n<p><strong>FRED LIZAIRE<\/strong><\/p>\n<p>Entrepreneur dans le domaine de la construction, Fred Lizaire est une figure incontournable de la musique ha\u00eftienne. Manager et producteur ex\u00e9cutif de King Posse pendant de nombreuses ann\u00e9es, il est \u00e9galement animateur de radio.<\/p>\n<p><strong>\u00a0<\/strong><strong>\u00a0<\/strong><\/p>\n<p><strong>MIU (MURIELLE AUGUSTIN)<\/strong><\/p>\n<p>Chanteuse polyvalente, Miu participe \u00e0 Musique en Folie 2007 et, en 2008, \u00e0 un concours international, duquel r\u00e9sulte un single avec la vedette am\u00e9ricaine T-Pain. Elle partagera la sc\u00e8ne avec Kali, Luck Mervil, Eddy Fran\u00e7ois, B\u00e9lO, MikaBen, Alan Cav\u00e9 et bien d&rsquo;autres. Elle a une compilation d&rsquo;\u00ab Urban Musique \u00bb et un album en pr\u00e9paration.<\/p>\n<p>&nbsp;<\/p>\n<p><strong>CHARLOT MURAT<\/strong><\/p>\n<p>Producteur et premier manager de B\u00e9lO, Charlot Murat est membre fondateur de Ayiti Deploge et consultant pour le Minist\u00e8re de la Culture.<\/p>\n<p>&nbsp;<\/p>\n<p><strong>FRED PAUL<\/strong><\/p>\n<p>Fr\u00e9deric Paul dit Fred Paul, producteur et promoteur ha\u00eftien\u00a0de renom. Fondateur de <em>Mini Records<\/em>, label de r\u00e9f\u00e9rence ayant produit et distribu\u00e9 de la musique ha\u00eftienne allant du kompa, en passant par la chanson pour arriver au Jazz. Il a entre autre produit <em>Tabou Combo<\/em>, <em>Skacha d&rsquo;Ha\u00efti<\/em>, Coup\u00e9 Clou\u00e9, <em>Gina Dupervil et Mushy Widmaier<\/em>. Mini Records a particip\u00e9 \u00e0 la promotion et la diffusion de la musique ha\u00eftienne \u00e0 travers le monde.<\/p>\n<p>&nbsp;<\/p>\n<p><strong>HANS PETERS<\/strong><\/p>\n<p>Hans Peters fait ses d\u00e9buts dans la musique avec la chanson, puis r\u00e9oriente son talent vers la guitare qu\u2019il \u00e9tudie avec Amos Coulanges. En 1985, lors d\u2019un concours organis\u00e9 par Radio M\u00e9tropole, il pr\u00e9sente le titre \u00ab\u00a0L\u2019escalier\u00a0\u00bb\u00a0qu\u2019il a compos\u00e9 et qui connait un succ\u00e8s fulgurant. Il se retire malgr\u00e9 tout du devant de la sc\u00e8ne, mais continue \u00e0 composer et arranger pour des artistes\u00a0comme Emeline Michel, Tifane, ou encore Boukman Eksperyans. Aujourd\u2019hui, il se produit chaque semaine \u00e0 Presse Caf\u00e9.<\/p>\n<p>&nbsp;<\/p>\n<p><strong>DAVID PHILIPPE-AUGUSTE<\/strong><\/p>\n<p>David Philippe-Auguste a fait ses\u00a0d\u00e9buts\u00a0dans le monde de la musique comme membre organisateur\u00a0d\u2019\u00e9v\u00e8nements musicaux pour le\u00a0milieu\u00a0universitaire. Il organise des mini-festivals avec Faya Entertainment, et cherche \u00e0 promouvoir les musiciens des nouvelles tendances de musiques Urbaines (HipHop\/ Dancehall\/ R&amp;B). Il devient manager de FullBass, puis celui de Miu, une\u00a0talentueuse\u00a0chanteuse\u00a0polyvalente.<\/p>\n<p><strong>\u00a0<\/strong><strong>\u00a0<\/strong><\/p>\n<p><strong>DANIEL PIERRE (photograghe)<\/strong><\/p>\n<p>Acteur, mannequin et \u00e9tudiant finissant \u00e0 la Facult\u00e9 de Linguistique Appliqu\u00e9e (FLA). Membre depuis 2007 \u00e0 l &lsquo;Association Ha\u00eftienne des Cin\u00e9astes, il est aussi photographe.<\/p>\n<p>&nbsp;<\/p>\n<p><strong>EDDY RENAUD<\/strong><\/p>\n<p>Architecte de formation, Eddy est \u00e9galement propri\u00e9taire de Le Villate, consultant Son et Lumi\u00e8re, musicien auteur\/compositeur \u00e0 ses heures perdues, mais surtout directeur de la Sonomix, compagnie de sonorisation, \u00e9clairage, podium, qu&rsquo;iI a fond\u00e9e en 1989. Il d\u00e9tient une exp\u00e9rience de plus de 30 ans dans le domaine technique en ce qui a trait aux \u00e9v\u00e9nements musicaux qui se font en Ha\u00efti.<\/p>\n<p>&nbsp;<\/p>\n<p><strong>FABRICE ROUZIER<\/strong><\/p>\n<p>Pianiste et producer, Fabrice Rouzier est membre fondateur du groupe Mizik Mizik et est \u00e0 l\u2019origine du projet \u00ab\u00a0Ha\u00efti Troubadour\u00a0\u00bb. Durant ses 20 ans de carri\u00e8re musicale, il a particip\u00e9 \u00e0 la r\u00e9alisation de plus de 300 albums dont d\u2019Emeline Michel, de Sweet Micky, de Beethova Obas, Boukman Eksperyans, BelO, Tifane, Jude Jean\u00a0ou encore Jahnesta.<\/p>\n<p>&nbsp;<\/p>\n<p><strong>MILENA SANDLER<\/strong><\/p>\n<p>Membre fondateur et vice-pr\u00e9sidente d\u2019AYITI MIZIK, et directrice g\u00e9n\u00e9rale de la FONDATION HA\u00cfTI JAZZ, Milena Sandler est attach\u00e9e de presse et cofondatrice de l\u2019agence de relations publiques WELLCOM\u2019. Elle a \u00e9t\u00e9 manager et tourneur de groupes de musique \u00e0 Paris dans les ann\u00e9es 90, et a travaill\u00e9 en tant que responsable des licences internationales au sein d\u2019un label de musique et maison d\u2019\u00e9dition.<\/p>\n<p>&nbsp;<\/p>\n<p><strong>ALEX VALCOURT<\/strong><\/p>\n<p>Manager Rockfam<\/p>\n<p><strong>\u00a0<\/strong><\/p>\n<p><strong>JEAN-CLAUDE VERDIER\u00a0<\/strong><\/p>\n<p>Jean-Claude Verdier, architecte de formation, a \u0153uvr\u00e9 pendant plus de 40 ans dans la musique. Producteur ex\u00e9cutif et distributeur de plusieurs groupes tels que Ska Sha (original), System Band, Dietex ou encore Zekl\u00e8 dans les ann\u00e9es 80, il est \u00e9galement tourneur et entrepreneur de spectacle. Fondateur du label Musique des Antilles, il ouvre aussi un magasin de musique, et une compagnie de location d\u2019\u00e9quipement de son. Sa formation d\u2019architecte lui permet d\u2018int\u00e9grer la construction de chars de carnaval \u00e0 ses activit\u00e9s.<\/p>\n<p>&nbsp;<\/p>\n<p><strong>JO\u00cbL WIDMAIER<\/strong><\/p>\n<p>Musicien, auteur, compositeur, ing\u00e9nieur du son, Jo\u00ebl Widmaier est aussi fondateur de la Fondation Ha\u00efti Jazz organisatrice du Festival International de Jazz de Port-au-Prince, \u00e9v\u00e9nement annuel sur 8 jours et 5 sites qui r\u00e9uni des groupes de jazz de 10 pays \u00e9trangers et accueille pr\u00e8s d\u2019une dizaine de groupes ha\u00eftiens de jazz locaux et de la diaspora.<\/p>\n<p><strong>\u00a0<\/strong><\/p>\n<p><strong>AKINSON BELIZAIRE \u00ab\u00a0ZAGALO\u00a0\u00bb<\/strong><\/p>\n<p>Musicien et promoteur, Zagalo est le directeur et fondateur de Zigizag Productions, il est animateur de radio et \u00e0 l\u2019origine des plus gros concerts pr\u00e9sent\u00e9s ces derni\u00e8res ann\u00e9es en Ha\u00efti: Tabou Combo, Kassav, Zekl\u00e8, Carimi, Corneille etc.<\/p>\n<p>&nbsp;<\/p>\n","protected":false},"excerpt":{"rendered":"<p>TABLE RONDE POUR UNE RECONNAISSANCE DES METIERS DE LA MUSIQUE &nbsp; OUVERTURE\u00a0: DISCOURS DE MARIE-LAURENCE JOCELYN LASSEGUE Marie-Laurence Jocelyn Lass\u00e8gue a insist\u00e9 sur le besoin de reconnaissance l\u00e9gale des m\u00e9tiers de la musique. Elle a rappel\u00e9 \u00e9galement le besoin de &hellip; <a href=\"http:\/\/ayitimizik.net\/index.php\/2012\/11\/09\/table-ronde-pour-une-reconnaissance-des-metiers-de-la-musique\/\">Continuer la lecture <span class=\"meta-nav\">&rarr;<\/span><\/a><\/p>\n","protected":false},"author":2,"featured_media":0,"comment_status":"closed","ping_status":"closed","sticky":false,"template":"","format":"standard","meta":[],"categories":[14,10],"tags":[],"_links":{"self":[{"href":"http:\/\/ayitimizik.net\/index.php\/wp-json\/wp\/v2\/posts\/1120"}],"collection":[{"href":"http:\/\/ayitimizik.net\/index.php\/wp-json\/wp\/v2\/posts"}],"about":[{"href":"http:\/\/ayitimizik.net\/index.php\/wp-json\/wp\/v2\/types\/post"}],"author":[{"embeddable":true,"href":"http:\/\/ayitimizik.net\/index.php\/wp-json\/wp\/v2\/users\/2"}],"replies":[{"embeddable":true,"href":"http:\/\/ayitimizik.net\/index.php\/wp-json\/wp\/v2\/comments?post=1120"}],"version-history":[{"count":3,"href":"http:\/\/ayitimizik.net\/index.php\/wp-json\/wp\/v2\/posts\/1120\/revisions"}],"predecessor-version":[{"id":1126,"href":"http:\/\/ayitimizik.net\/index.php\/wp-json\/wp\/v2\/posts\/1120\/revisions\/1126"}],"wp:attachment":[{"href":"http:\/\/ayitimizik.net\/index.php\/wp-json\/wp\/v2\/media?parent=1120"}],"wp:term":[{"taxonomy":"category","embeddable":true,"href":"http:\/\/ayitimizik.net\/index.php\/wp-json\/wp\/v2\/categories?post=1120"},{"taxonomy":"post_tag","embeddable":true,"href":"http:\/\/ayitimizik.net\/index.php\/wp-json\/wp\/v2\/tags?post=1120"}],"curies":[{"name":"wp","href":"https:\/\/api.w.org\/{rel}","templated":true}]}}