{"id":1079,"date":"2014-11-01T23:39:56","date_gmt":"2014-11-01T22:39:56","guid":{"rendered":"http:\/\/ayitimizik.net\/?p=1079"},"modified":"2018-09-02T23:59:17","modified_gmt":"2018-09-02T21:59:17","slug":"kay-mizik-la-programmation-novembre-2014","status":"publish","type":"post","link":"http:\/\/ayitimizik.net\/index.php\/2014\/11\/01\/kay-mizik-la-programmation-novembre-2014\/","title":{"rendered":"Kay Mizik La programmation novembre 2014"},"content":{"rendered":"<p><img loading=\"lazy\" class=\"aligncenter size-full wp-image-877\" src=\"http:\/\/ayitimizik.net\/wp-content\/uploads\/2018\/08\/Logo_Kaymizikla_ok.jpg\" alt=\"\" width=\"1102\" height=\"336\" srcset=\"http:\/\/ayitimizik.net\/wp-content\/uploads\/2018\/08\/Logo_Kaymizikla_ok.jpg 1102w, http:\/\/ayitimizik.net\/wp-content\/uploads\/2018\/08\/Logo_Kaymizikla_ok-900x274.jpg 900w, http:\/\/ayitimizik.net\/wp-content\/uploads\/2018\/08\/Logo_Kaymizikla_ok-768x234.jpg 768w, http:\/\/ayitimizik.net\/wp-content\/uploads\/2018\/08\/Logo_Kaymizikla_ok-1024x312.jpg 1024w\" sizes=\"(max-width: 1102px) 100vw, 1102px\" \/><\/p>\n<p><strong>PROGRAMMATION NOVEMBRE 2014<\/strong><\/p>\n<p>7 novembre\u00a0: Chita pale \u00ab\u00a0la distribution de la musique en Ha\u00efti\u00a0\u00bb, avec Aly Acacia, Raoul Denis jr, Jobson Laurent<\/p>\n<p>8 novembre : Rencontre avec Erol Josu\u00e9<\/p>\n<p>14 novembre : \u00a0Atelier de perfectionnement batterie avec Jo\u00ebl Widma\u00efer<\/p>\n<p>15 novembre : cin\u00e9ma \u00ab\u00a0La M\u00f4me\u00a0\u00bb de\u00a0Olivier Dahan<\/p>\n<p>21 novembre : cin\u00e9ma \u00ab\u00a0A la recherche de Sugar man\u00a0\u00bb de M. Bendjelloul<\/p>\n<p>28 et 29 novembre : Atelier de perfectionnement basse avec G\u00e9rald Kebreau<\/p>\n<p>&nbsp;<\/p>\n<p><strong><u>COURS DE SOLG\u00c8GE D\u00c9BUTANT<\/u><\/strong><\/p>\n<p><strong><u>COURS DE SOLF\u00c8GE AVANC\u00c9<\/u><\/strong><\/p>\n<p>&nbsp;<\/p>\n<p><strong><u>VENDREDI 7 NOVEMBRE\u00a0: CHITA PALE \u00ab\u00a0La distribution de la musique en Ha\u00efti, du cd \u00e0 l\u2019internet, avantages et inconv\u00e9nients\u00a0\u00bb<\/u><\/strong><\/p>\n<p><strong>Horaires\u00a0: de 3h pm \u00e0 5h pm<\/strong><\/p>\n<p><strong>Intervenants\u00a0: Aly Acacia (M\u00e9lo disc), Raoul Denis jr (La bo\u00eete \u00e0 Musique), Jobson Laurent (HiphopKreyol)<\/strong><\/p>\n<p>&nbsp;<\/p>\n<p><strong><u>SAMEDI 8 NOVEMBRE\u00a0: RENCONTRES \/ \u00c9CHANGE \u00ab\u00a0 L\u2019int\u00e9gration des rythmes Gu\u00e9d\u00e9s dans les musiques actuelles\u00a0\u00bb<\/u><\/strong><\/p>\n<p><strong>Horaires\u00a0: \u00c0 10h am<\/strong><\/p>\n<p><strong>Intervenant\u00a0: \u00c9rol Josu\u00e9, Directeur du Bureau National d\u2019Ethnologie<\/strong><\/p>\n<p>&nbsp;<\/p>\n<p><strong><u>VENDREDI 14 NOVEMBRE\u00a0: ATELIER DE PERFECTIONNEMENT\u00a0: LA BATTERIE ET LES PERCUSSIONS DANS L\u2019ESPACE MUSICAL<\/u><\/strong><\/p>\n<p><strong>Horaires\u00a0: de 2h pm \u00e0 5h pm<\/strong><\/p>\n<p><strong>Intervenant\u00a0: Jo\u00ebl Widma\u00efer<\/strong><\/p>\n<p>&nbsp;<\/p>\n<p><strong><u>SAMEDI 15 NOVEMBRE\u00a0: CINEMA\u00a0: LA M\u00d4ME, d\u2019Olivier Dahan <\/u><\/strong><u>(141 min)<\/u><\/p>\n<p>Horaires\u00a0: \u00c0 2h pm<\/p>\n<p>Film biographique retra\u00e7ant la vie d\u2019Edith Piaf, ic\u00f4ne de la chanson fran\u00e7aise<\/p>\n<p>&nbsp;<\/p>\n<p><strong><u>VENDREDI 21 NOVEMBRE\u00a0: CINEMA\u00a0: A la recherche de Sugar man, de M. Bendjelloul <\/u><\/strong><u>(31 min)<\/u><\/p>\n<p>Horaires\u00a0: \u00c0 2h pm<\/p>\n<p>Documentaire sur Sixto Rodriguez, artiste am\u00e9ricain sans succ\u00e8s, sauf en Afrique du Sud o\u00f9, sans qu\u2019il le s\u00e2che,\u00a0son album devint un symbole de la lutte contre l\u2019apartheid.<\/p>\n<p>&nbsp;<\/p>\n<p><strong><u>VENDREDI 28 NOVEMBRE \/ SAMEDI 29 NOVEMBRE : COURS DE PERFECTIONNEMENT BASSE \u2013 NIVEAU INTERM\u00c9DIAIRE \u00c0 AVANC\u00c9<\/u><\/strong><\/p>\n<p><strong>Horaires\u00a0: de 10h am \u00e0 1h pm<\/strong><\/p>\n<p><strong>Intervenant\u00a0: G\u00e9rald Kebreau (ancien bassiste du groupe Ti Vice)<\/strong><\/p>\n<p>&nbsp;<\/p>\n<p><strong><u>CONDITIONS GENERALES DE PARTICIPATION<\/u><\/strong><\/p>\n<p><em>Les activit\u00e9s de KAY MIZIK LA sont gratuites pour les membres de l\u2019association AYITI MIZIK \u00e0 jour de cotisation. L\u2019a<\/em><em>dh\u00e9sion \u00e0 l\u2019association\u00a0<\/em><em>AYITI MIZIK <\/em><em>co\u00fbte 1000 HTG pour l\u2019ann\u00e9e, et donne droit \u00e0 l\u2019ensemble des activit\u00e9s propos\u00e9es pour une dur\u00e9e d\u2019un an.<\/em><\/p>\n","protected":false},"excerpt":{"rendered":"<p>PROGRAMMATION NOVEMBRE 2014 7 novembre\u00a0: Chita pale \u00ab\u00a0la distribution de la musique en Ha\u00efti\u00a0\u00bb, avec Aly Acacia, Raoul Denis jr, Jobson Laurent 8 novembre : Rencontre avec Erol Josu\u00e9 14 novembre : \u00a0Atelier de perfectionnement batterie avec Jo\u00ebl Widma\u00efer 15 &hellip; <a href=\"http:\/\/ayitimizik.net\/index.php\/2014\/11\/01\/kay-mizik-la-programmation-novembre-2014\/\">Continuer la lecture <span class=\"meta-nav\">&rarr;<\/span><\/a><\/p>\n","protected":false},"author":2,"featured_media":0,"comment_status":"closed","ping_status":"closed","sticky":false,"template":"","format":"standard","meta":[],"categories":[14,13],"tags":[],"_links":{"self":[{"href":"http:\/\/ayitimizik.net\/index.php\/wp-json\/wp\/v2\/posts\/1079"}],"collection":[{"href":"http:\/\/ayitimizik.net\/index.php\/wp-json\/wp\/v2\/posts"}],"about":[{"href":"http:\/\/ayitimizik.net\/index.php\/wp-json\/wp\/v2\/types\/post"}],"author":[{"embeddable":true,"href":"http:\/\/ayitimizik.net\/index.php\/wp-json\/wp\/v2\/users\/2"}],"replies":[{"embeddable":true,"href":"http:\/\/ayitimizik.net\/index.php\/wp-json\/wp\/v2\/comments?post=1079"}],"version-history":[{"count":1,"href":"http:\/\/ayitimizik.net\/index.php\/wp-json\/wp\/v2\/posts\/1079\/revisions"}],"predecessor-version":[{"id":1080,"href":"http:\/\/ayitimizik.net\/index.php\/wp-json\/wp\/v2\/posts\/1079\/revisions\/1080"}],"wp:attachment":[{"href":"http:\/\/ayitimizik.net\/index.php\/wp-json\/wp\/v2\/media?parent=1079"}],"wp:term":[{"taxonomy":"category","embeddable":true,"href":"http:\/\/ayitimizik.net\/index.php\/wp-json\/wp\/v2\/categories?post=1079"},{"taxonomy":"post_tag","embeddable":true,"href":"http:\/\/ayitimizik.net\/index.php\/wp-json\/wp\/v2\/tags?post=1079"}],"curies":[{"name":"wp","href":"https:\/\/api.w.org\/{rel}","templated":true}]}}