{"id":1067,"date":"2013-12-01T18:51:46","date_gmt":"2013-12-01T17:51:46","guid":{"rendered":"http:\/\/ayitimizik.net\/?p=1067"},"modified":"2018-09-01T19:04:27","modified_gmt":"2018-09-01T17:04:27","slug":"kay-mizik-la-programmation-decembre-2013","status":"publish","type":"post","link":"http:\/\/ayitimizik.net\/index.php\/2013\/12\/01\/kay-mizik-la-programmation-decembre-2013\/","title":{"rendered":"Kay Mizik La programmation d\u00e9cembre 2013"},"content":{"rendered":"<p><img loading=\"lazy\" class=\"aligncenter size-full wp-image-877\" src=\"http:\/\/ayitimizik.net\/wp-content\/uploads\/2018\/08\/Logo_Kaymizikla_ok.jpg\" alt=\"\" width=\"1102\" height=\"336\" srcset=\"http:\/\/ayitimizik.net\/wp-content\/uploads\/2018\/08\/Logo_Kaymizikla_ok.jpg 1102w, http:\/\/ayitimizik.net\/wp-content\/uploads\/2018\/08\/Logo_Kaymizikla_ok-900x274.jpg 900w, http:\/\/ayitimizik.net\/wp-content\/uploads\/2018\/08\/Logo_Kaymizikla_ok-768x234.jpg 768w, http:\/\/ayitimizik.net\/wp-content\/uploads\/2018\/08\/Logo_Kaymizikla_ok-1024x312.jpg 1024w\" sizes=\"(max-width: 1102px) 100vw, 1102px\" \/><\/p>\n<p><strong>PROGRAMME DECEMBRE 2013<\/strong><\/p>\n<p>06 DECEMBRE: rencontre avec Fred Lizaire<\/p>\n<p>12 DECEMBRE\u00a0: rencontre avec\u00a0Dickens Princivil<\/p>\n<p>Et toujours\u00a0:<\/p>\n<p>&#8211;\u00a0 cours r\u00e9guliers de solf\u00e8ge (tous les mardis apr\u00e8s-midi, jusqu\u2019au mardi 17 d\u00e9cembre)<\/p>\n<p>&nbsp;<\/p>\n<p><strong><em>A COMPTER DU 20 DECEMBRE KAY MIZIK LA SERA FERME POUR LES CONGES DE FIN D\u2019ANNEE. <\/em><\/strong><\/p>\n<p><strong><em>KAY MIZIK LA ROUVRIRA SES PORTES DANS SON NOUVEAU LOCAL EN JANVIER 2014.<\/em><\/strong><\/p>\n<p><em>\u00a0<\/em><\/p>\n<p><strong><u>VENDREDI 06 DECEMBRE\u00a0: FRED LIZAIRE<\/u><\/strong><\/p>\n<p><strong>Horaires\u00a0: 3h- 5h pm<\/strong><\/p>\n<p><strong>Intervenant\u00a0: Fred Lizaire<\/strong><\/p>\n<p>Manager, producteur, promoteur de m\u00e9tier, il est connu comme le manager et membre fondateur du groupe de Rap &amp; Ragga \u00e0 succ\u00e8s\u00a0: \u00ab\u00a0King Posse\u00a0\u00bb. Mais il est aussi technicien en sonorisation, PDG de Radio\/T\u00e9l\u00e9 Extr\u00eame et membre de l\u2019\u00e9mission \u00ab\u00a0Plateforme Magique\u00a0\u00bb diffus\u00e9e sur la radio Magik 9. Du haut de ses quarante six ans, Fred Lizaire a accumul\u00e9 beaucoup d\u2019exp\u00e9rience dans le domaine musical\u00a0: il sera \u00e0 Kay Mizik la pour les partager avec les membres d\u2019Ayiti Mizik.<\/p>\n<p><strong>\u00a0<\/strong><\/p>\n<p><strong><u>JEUDI 12 DECEMBRE: RENCONTRE AVEC DICKENS PRINCIVIL<\/u><\/strong><\/p>\n<p><strong>Horaires: 3h- 5h pm<\/strong><\/p>\n<p><strong>Intervenant\u00a0: Dickens Princivil<\/strong><\/p>\n<p>Dickens Princivil est avant tout musicien. Son instrument principal est le violon. Par ailleurs, il joue de la Contrebasse et de la Guitare Basse. Il est \u00e9galement chanteur, compositeur, promoteur culturel, chef d\u2019orchestre et professeur de musique. Il enseigne \u00e0 l\u2019Ecole Nationale des Arts (ENARTS) ainsi qu\u2019\u00e0 l\u2019\u00e9cole de musique \u00ab\u00a0Sainte Trinit\u00e9\u00a0\u00bb. Il est directeur musical et membre fondateur du centre culturel \u00ab\u00a0Musiphotart\u00a0\u00bb depuis 1984. Actuellement, il a son propre orchestre classique, pop\/classique. A pr\u00e8s de 40 ans de carri\u00e8re, il a collabor\u00e9 avec un bon nombre de grands noms de la musique ha\u00eftienne, tels que\u00a0: Ansy D\u00e9rose, Guy Durosier, G\u00e9rald Merceron, Daniel Larivi\u00e8re, Lionel Benjamin, Raoul Guillaume, etc.<\/p>\n<p>&nbsp;<\/p>\n<p><strong><u>COURS DE SOLFEGE AVEC WELMYR JEAN PIERRE<\/u><\/strong><\/p>\n<p><strong>Horaires<\/strong>: le mardi de 3hpm \u00e0 4h30pm (qui prend fin le 17 d\u00e9cembre 2013)<\/p>\n<p><em>\u00a0<\/em><\/p>\n<p><strong><em>A COMPTER DU 20 DECEMBRE KAY MIZIK LA SERA FERME POUR LES CONGES DE FIN D\u2019ANNEE. <\/em><\/strong><\/p>\n<p><strong><em>KAY MIZIK LA ROUVRIRA SES PORTES DANS SON NOUVEAU LOCAL EN JANVIER 2014.<\/em><\/strong><\/p>\n<p><em>\u00a0<\/em><em>\u00a0<\/em><\/p>\n<p><strong><u>CONDITIONS GENERALES DE PARTICIPATION\u00a0<\/u><\/strong><u>:<\/u><\/p>\n<p><em>Les activit\u00e9s de KAY MIZIK LA s\u2019adressent aux professionnels de la musique. Elles sont gratuites pour les membres de l\u2019association AYITI MIZIK \u00e0 jour de cotisation pour l\u2019ann\u00e9e 2013-2014. L\u2019a<\/em><em>dh\u00e9sion \u00e0 l\u2019association\u00a0<\/em><em>AYITI MIZIK <\/em><em>co\u00fbte 1000 HTG pour l\u2019ann\u00e9e, et donne droit aux formations (sous r\u00e9serve de place disponible) et \u00e0 l\u2019ensemble des services offerts par <\/em><em>KAY MIZIK LA<\/em><em>\u00a0: conseil professionnel, acc\u00e8s \u00e0 la m\u00e9diath\u00e8que, conf\u00e9rence, table ronde, cin\u00e9ma, chita pale.<\/em><em>L\u2019a<\/em><em>dh\u00e9sion \u00e0 <\/em><em>KAY MIZIK LA <\/em><em>co\u00fbte<\/em><em>200 HTG pour <\/em><em>l\u2019ann\u00e9e<\/em><em>, et donne droit simplement aux services suivants\u00a0: <\/em><em>m\u00e9diath\u00e8que, conf\u00e9rence, table ronde, cin\u00e9ma, chita pale.<\/em><\/p>\n","protected":false},"excerpt":{"rendered":"<p>PROGRAMME DECEMBRE 2013 06 DECEMBRE: rencontre avec Fred Lizaire 12 DECEMBRE\u00a0: rencontre avec\u00a0Dickens Princivil Et toujours\u00a0: &#8211;\u00a0 cours r\u00e9guliers de solf\u00e8ge (tous les mardis apr\u00e8s-midi, jusqu\u2019au mardi 17 d\u00e9cembre) &nbsp; A COMPTER DU 20 DECEMBRE KAY MIZIK LA SERA FERME &hellip; <a href=\"http:\/\/ayitimizik.net\/index.php\/2013\/12\/01\/kay-mizik-la-programmation-decembre-2013\/\">Continuer la lecture <span class=\"meta-nav\">&rarr;<\/span><\/a><\/p>\n","protected":false},"author":2,"featured_media":0,"comment_status":"closed","ping_status":"closed","sticky":false,"template":"","format":"standard","meta":[],"categories":[14,13],"tags":[],"_links":{"self":[{"href":"http:\/\/ayitimizik.net\/index.php\/wp-json\/wp\/v2\/posts\/1067"}],"collection":[{"href":"http:\/\/ayitimizik.net\/index.php\/wp-json\/wp\/v2\/posts"}],"about":[{"href":"http:\/\/ayitimizik.net\/index.php\/wp-json\/wp\/v2\/types\/post"}],"author":[{"embeddable":true,"href":"http:\/\/ayitimizik.net\/index.php\/wp-json\/wp\/v2\/users\/2"}],"replies":[{"embeddable":true,"href":"http:\/\/ayitimizik.net\/index.php\/wp-json\/wp\/v2\/comments?post=1067"}],"version-history":[{"count":3,"href":"http:\/\/ayitimizik.net\/index.php\/wp-json\/wp\/v2\/posts\/1067\/revisions"}],"predecessor-version":[{"id":1076,"href":"http:\/\/ayitimizik.net\/index.php\/wp-json\/wp\/v2\/posts\/1067\/revisions\/1076"}],"wp:attachment":[{"href":"http:\/\/ayitimizik.net\/index.php\/wp-json\/wp\/v2\/media?parent=1067"}],"wp:term":[{"taxonomy":"category","embeddable":true,"href":"http:\/\/ayitimizik.net\/index.php\/wp-json\/wp\/v2\/categories?post=1067"},{"taxonomy":"post_tag","embeddable":true,"href":"http:\/\/ayitimizik.net\/index.php\/wp-json\/wp\/v2\/tags?post=1067"}],"curies":[{"name":"wp","href":"https:\/\/api.w.org\/{rel}","templated":true}]}}