{"id":1065,"date":"2013-11-01T18:51:46","date_gmt":"2013-11-01T17:51:46","guid":{"rendered":"http:\/\/ayitimizik.net\/?p=1065"},"modified":"2018-09-01T18:58:37","modified_gmt":"2018-09-01T16:58:37","slug":"kay-mizik-la-programmation-novembre-2013","status":"publish","type":"post","link":"http:\/\/ayitimizik.net\/index.php\/2013\/11\/01\/kay-mizik-la-programmation-novembre-2013\/","title":{"rendered":"Kay Mizik La programmation novembre 2013"},"content":{"rendered":"<p><img loading=\"lazy\" class=\"aligncenter size-full wp-image-877\" src=\"http:\/\/ayitimizik.net\/wp-content\/uploads\/2018\/08\/Logo_Kaymizikla_ok.jpg\" alt=\"\" width=\"1102\" height=\"336\" srcset=\"http:\/\/ayitimizik.net\/wp-content\/uploads\/2018\/08\/Logo_Kaymizikla_ok.jpg 1102w, http:\/\/ayitimizik.net\/wp-content\/uploads\/2018\/08\/Logo_Kaymizikla_ok-900x274.jpg 900w, http:\/\/ayitimizik.net\/wp-content\/uploads\/2018\/08\/Logo_Kaymizikla_ok-768x234.jpg 768w, http:\/\/ayitimizik.net\/wp-content\/uploads\/2018\/08\/Logo_Kaymizikla_ok-1024x312.jpg 1024w\" sizes=\"(max-width: 1102px) 100vw, 1102px\" \/><\/p>\n<p><strong>PROGRAMME NOVEMBRE 2013<\/strong><\/p>\n<p>&nbsp;<\/p>\n<p>7 novembre: rencontre avec\u00a0Caleb Desrameaux sur les rapports entre le musicien et la presse<\/p>\n<p>Du 8 au 27 novembre\u00a0: exposition Odyss\u00e9e des Musiques Noires au MUPANAH et activit\u00e9s diverses<\/p>\n<p>14 novembre\u00a0: rencontre avec\u00a0Lionel Benjamin<\/p>\n<p>22 novembre\u00a0: conf\u00e9rence de Pierre Claude Artus<\/p>\n<p>29 novembre\u00a0: conf\u00e9rence de Mo DJ dans le cadre de l\u2019Odyss\u00e9e des Musiques Noires<\/p>\n<p>Et toujours\u00a0:<\/p>\n<p>&#8211;\u00a0 cours priv\u00e9s avec Alex Jacquemin (tous les mardis matin)<\/p>\n<p>&#8211;\u00a0 cours r\u00e9guliers de solf\u00e8ge (tous les mardis apr\u00e8s-midi)<\/p>\n<p>&nbsp;<\/p>\n<p><em>Ce mois-ci, AYITI MIZIK est partenaire de la manifestation <strong>\u00ab\u00a0ODYSSEE DES MUSIQUES NOIRES\u00a0\u00bb<\/strong>produite par MONDOMIX, organis\u00e9e par l\u2019Institut Fran\u00e7ais en Ha\u00efti, en partenariat avec le Mus\u00e9e du Panth\u00e9on national ha\u00eftien (MUPANAH) et FOKAL. <\/em><\/p>\n<p><em>A cette occasion, <\/em><em>du 8 au 27 novembre, exposition, films, conf\u00e9rences, spectacles auront lieu au Bureau national de l\u2019Ethnologie (BNE), \u00e0 l\u2019Ecole Nationale des Arts (ENARTS), \u00e0 Kay Mizik La, \u00e0 FOKAL, au MUPANAH et \u00e0 l\u2019Institut fran\u00e7ais en Ha\u00efti.<\/em><\/p>\n<p><strong><em>Le programme complet est disponible \u00e0 Kay Mizik La<\/em><\/strong><strong>.<\/strong><\/p>\n<p>&nbsp;<\/p>\n<p><strong><u>JEUDI 7 NOVEMBRE\u00a0: RENCONTRE AVEC CALEB DESRAMEAUX SUR LES RAPPORTS ENTRE LE MUSICIEN ET LA PRESSE<\/u><\/strong><\/p>\n<p><strong>Horaires\u00a0: 3h-5h pm<\/strong><\/p>\n<p><strong>Intervenant\u00a0: Caleb Desrameaux<\/strong><\/p>\n<p>Animateur, pr\u00e9sentateur, commentateur, acteur, Caleb Desrameaux dit de lui qu\u2019il est un \u00ab\u00a0entrepreneur culturel\u00a0\u00bb. Il fait partie du \u00ab\u00a0R\u00e9seau 21 and Marketing Group\u00a0\u00bb, une jeune entreprise de communication qu\u2019il a mise sur pied avec quelques coll\u00e8gues. Depuis septembre 2012, il est Directeur Culturel de la Radio T\u00e9l\u00e9vision Nationale d\u2019Ha\u00efti (RTNH).<\/p>\n<p><strong>\u00a0<\/strong><\/p>\n<p><strong><u>VENDREDI\u00a08 NOVEMBRE\u00a0: EXPOSITION MULTIMEDIA \u00ab\u00a0ODYSS\u00c9E DES MUSIQUES NOIRES\u00a0\u00bb<\/u><\/strong><\/p>\n<p><strong>Horaires: de 8ham \u00e0 5hpm<\/strong> (horaires \u00e0 confirmer aupr\u00e8s du MUPANAH)<\/p>\n<p><strong>Lieu<\/strong>: Mus\u00e9e du Panth\u00e9on National (MUPANAH)\u00a0: Odyss\u00e9e des Musiques Noires \u2013 Rue de la R\u00e9publique, Place des H\u00e9ros de l&rsquo;Ind\u00e9pendance, Champs de Mars &#8211; tel\u00a0: 29 43 51 94<\/p>\n<p><em>Entr\u00e9e gratuite sur invitation \u00e0 retirer aupr\u00e8s de l\u2019IFH, MUPANAH ou de FOKAL<\/em><\/p>\n<p><strong><u>\u00a0<\/u><\/strong><\/p>\n<p><strong><u>MERCREDI 14 NOVEMBRE: RENCONTRE AVEC LIONEL BENJAMIN <\/u><\/strong><\/p>\n<p><strong>Horaires: 3h- 5h pm<\/strong><\/p>\n<p><strong>Intervenant\u00a0: Lionel Benjamin<\/strong><\/p>\n<p>Lionel Benjaminest en 1945 \u00e0 Port-au-Prince. Biologiste de formation, il chante depuis les ann\u00e9es 1970. Consid\u00e9r\u00e9 comme le \u00ab\u00a0P\u00e8re No\u00ebl ha\u00eftien\u00a0\u00bb, gr\u00e2ce au succ\u00e8s de\u00ab\u00a0Abdenw\u00e8l\u00a0\u00bb,\u00a0\u00ab\u00a0Nw\u00e8l tap tap\u2019\u00a0\u00bb, il a anim\u00e9 diverses \u00e9missions de vari\u00e9t\u00e9s et de sciences sur diff\u00e9rentes stations de radio\/t\u00e9l\u00e9 de la capitale.Le Minist\u00e8re de la Culture et de la Communication lui a d\u00e9cern\u00e9 une plaque \u2019\u2019honneur et m\u00e9rite\u2019\u2019 en 2007.<\/p>\n<p>&nbsp;<\/p>\n<p><strong><u>VENDREDI 22 NOVEMBRE\u00a0: CONFERENCE DE PIERRE CLAUDE ARTUS\u00a0: \u00ab\u00a0DU BANZA AU BANJO\u00a0\u00bb DANS LE CADRE DE L\u2019ODYSS\u00c9E DES MUSIQUES NOIRES <\/u><\/strong><\/p>\n<p><strong>Horaires: 2h pm<\/strong><\/p>\n<p>Pierre-Claude Artus est un musicien multi-instrumentiste et com\u00e9dien fran\u00e7ais.<\/p>\n<p>Plus d\u2019info\u00a0: <a href=\"http:\/\/www.artus-pierre-claude.com\/\">http:\/\/www.artus-pierre-claude.com<\/a><\/p>\n<p>&nbsp;<\/p>\n<p><strong><u>VENDREDI 28 NOVEMBRE\u00a0: CONFERENCE DE MO DJ\u00a0: \u00ab\u00a0LA FUSION ENTRE MUSIQUES TRADITIONNELLES ET ELECTRO MODERNE\u00a0\u00bb DANS LE CADRE DE L\u2019ODYSS\u00c9E DES MUSIQUES NOIRES<\/u><\/strong><\/p>\n<p><strong>Horaires\u00a0<\/strong>: 2hpm<\/p>\n<p><strong>Intervenant\u00a0: Mo DJ<\/strong><\/p>\n<p>Vendeur de cassette sur la gare routi\u00e8re de Bamako, le jour, et DJ dans les clubs de la capitale malienne la nuit.\u2028MO DJ est l\u2019un des premiers \u00e0 remixer la musique malienne ou africaine en g\u00e9n\u00e9ral, avec les moyens du bord et gr\u00e2ce \u00e0 une petite boite \u00e0 rythme, qui a donn\u00e9 son nom \u00e0 ce genre musical et qui va r\u00e9volutionner le dance floor occidental : \u00ab\u00a0le Djembeni\u00a0\u00bb (litt\u00e9ralement : petit djembe)<\/p>\n<p>Plus d\u2019info\u00a0: <a href=\"http:\/\/www.mo-dj.com\/\">http:\/\/www.mo-dj.com<\/a><\/p>\n<p>&nbsp;<\/p>\n<p><strong><u>ET TOUJOURS\u00a0:<\/u><\/strong><\/p>\n<p><strong><u>COURS DE SOLFEGE AVEC WELMYR JEAN PIERRE<\/u><\/strong><\/p>\n<p>Horaires: le mardi de 3hpm \u00e0 4h30pm<\/p>\n<p>&nbsp;<\/p>\n<p><strong><u>CONDITIONS GENERALES DE PARTICIPATION\u00a0<\/u><\/strong><u>:<\/u><\/p>\n<p><em>Les activit\u00e9s de KAY MIZIK LA s\u2019adressent aux professionnels de la musique. Elles sont gratuites pour les membres de l\u2019association AYITI MIZIK \u00e0 jour de cotisation pour l\u2019ann\u00e9e 2013-2014. L\u2019a<\/em><em>dh\u00e9sion \u00e0 l\u2019association\u00a0<\/em><em>AYITI MIZIK <\/em><em>co\u00fbte 1000 HTG pour l\u2019ann\u00e9e, et donne droit aux formations (sous r\u00e9serve de place disponible) et \u00e0 l\u2019ensemble des services offerts par <\/em><em>KAY MIZIK LA<\/em><em>\u00a0: conseil professionnel, acc\u00e8s \u00e0 la m\u00e9diath\u00e8que, conf\u00e9rence, table ronde, cin\u00e9ma, chita pale.<\/em><em>L\u2019a<\/em><em>dh\u00e9sion \u00e0 <\/em><em>KAY MIZIK LA <\/em><em>co\u00fbte<\/em><em>200 HTG pour <\/em><em>l\u2019ann\u00e9e<\/em><em>, et donne droit simplement aux services suivants\u00a0: <\/em><em>m\u00e9diath\u00e8que, conf\u00e9rence, table ronde, cin\u00e9ma, chita pale.<\/em><\/p>\n","protected":false},"excerpt":{"rendered":"<p>PROGRAMME NOVEMBRE 2013 &nbsp; 7 novembre: rencontre avec\u00a0Caleb Desrameaux sur les rapports entre le musicien et la presse Du 8 au 27 novembre\u00a0: exposition Odyss\u00e9e des Musiques Noires au MUPANAH et activit\u00e9s diverses 14 novembre\u00a0: rencontre avec\u00a0Lionel Benjamin 22 novembre\u00a0: &hellip; <a href=\"http:\/\/ayitimizik.net\/index.php\/2013\/11\/01\/kay-mizik-la-programmation-novembre-2013\/\">Continuer la lecture <span class=\"meta-nav\">&rarr;<\/span><\/a><\/p>\n","protected":false},"author":2,"featured_media":0,"comment_status":"closed","ping_status":"closed","sticky":false,"template":"","format":"standard","meta":[],"categories":[14,13],"tags":[],"_links":{"self":[{"href":"http:\/\/ayitimizik.net\/index.php\/wp-json\/wp\/v2\/posts\/1065"}],"collection":[{"href":"http:\/\/ayitimizik.net\/index.php\/wp-json\/wp\/v2\/posts"}],"about":[{"href":"http:\/\/ayitimizik.net\/index.php\/wp-json\/wp\/v2\/types\/post"}],"author":[{"embeddable":true,"href":"http:\/\/ayitimizik.net\/index.php\/wp-json\/wp\/v2\/users\/2"}],"replies":[{"embeddable":true,"href":"http:\/\/ayitimizik.net\/index.php\/wp-json\/wp\/v2\/comments?post=1065"}],"version-history":[{"count":3,"href":"http:\/\/ayitimizik.net\/index.php\/wp-json\/wp\/v2\/posts\/1065\/revisions"}],"predecessor-version":[{"id":1073,"href":"http:\/\/ayitimizik.net\/index.php\/wp-json\/wp\/v2\/posts\/1065\/revisions\/1073"}],"wp:attachment":[{"href":"http:\/\/ayitimizik.net\/index.php\/wp-json\/wp\/v2\/media?parent=1065"}],"wp:term":[{"taxonomy":"category","embeddable":true,"href":"http:\/\/ayitimizik.net\/index.php\/wp-json\/wp\/v2\/categories?post=1065"},{"taxonomy":"post_tag","embeddable":true,"href":"http:\/\/ayitimizik.net\/index.php\/wp-json\/wp\/v2\/tags?post=1065"}],"curies":[{"name":"wp","href":"https:\/\/api.w.org\/{rel}","templated":true}]}}