{"id":1064,"date":"2013-10-01T18:50:52","date_gmt":"2013-10-01T16:50:52","guid":{"rendered":"http:\/\/ayitimizik.net\/?p=1064"},"modified":"2018-09-01T18:56:11","modified_gmt":"2018-09-01T16:56:11","slug":"kay-mizik-la-programmation-octobre-2013","status":"publish","type":"post","link":"http:\/\/ayitimizik.net\/index.php\/2013\/10\/01\/kay-mizik-la-programmation-octobre-2013\/","title":{"rendered":"Kay Mizik La programmation octobre 2013"},"content":{"rendered":"<p><img loading=\"lazy\" class=\"aligncenter size-full wp-image-877\" src=\"http:\/\/ayitimizik.net\/wp-content\/uploads\/2018\/08\/Logo_Kaymizikla_ok.jpg\" alt=\"\" width=\"1102\" height=\"336\" srcset=\"http:\/\/ayitimizik.net\/wp-content\/uploads\/2018\/08\/Logo_Kaymizikla_ok.jpg 1102w, http:\/\/ayitimizik.net\/wp-content\/uploads\/2018\/08\/Logo_Kaymizikla_ok-900x274.jpg 900w, http:\/\/ayitimizik.net\/wp-content\/uploads\/2018\/08\/Logo_Kaymizikla_ok-768x234.jpg 768w, http:\/\/ayitimizik.net\/wp-content\/uploads\/2018\/08\/Logo_Kaymizikla_ok-1024x312.jpg 1024w\" sizes=\"(max-width: 1102px) 100vw, 1102px\" \/><\/p>\n<p><strong>PROGRAMME OCTOBRE 2013<\/strong><\/p>\n<p>&nbsp;<\/p>\n<p>10 OCTOBRE: atelier avec Raoul Denis Junior dit T. Ra sur \u00ab\u00a0la musique classique ha\u00eftienne\u00a0\u00bb<\/p>\n<p>16 OCTOBRE\u00a0: rencontre avec\u00a0B\u00e9lO<\/p>\n<p>17 OCTOBRE\u00a0: journ\u00e9e portes ouvertes<\/p>\n<p>24 OCTOBRE\u00a0: cin\u00e9ma \u00ab\u00a0Maestro Issa\u00a0\u00bb de Frantz Voltaire<\/p>\n<p>31 OCTOBRE\u00a0: rencontre avec Dadou Pasquet<\/p>\n<p>Et toujours\u00a0:<\/p>\n<p>&#8211;\u00a0 cours priv\u00e9s avec Alex Jacquemin (tous les mardis matin)<\/p>\n<p>&#8211;\u00a0 cours r\u00e9guliers de solf\u00e8ge (tous les mardis apr\u00e8s-midi)<\/p>\n<p>&nbsp;<\/p>\n<p><strong><u>JEUDI 10 OCTOBRE\u00a0: ATELIER AVEC RAOUL DENIS JUNIOR SUR \u00ab\u00a0LA MUSIQUE CLASSIQUE HAITIENNE\u00a0\u00bb<\/u><\/strong><\/p>\n<p><strong>Horaires\u00a0: 2h- 4h pm<\/strong><\/p>\n<p><strong>Intervenant\u00a0: Raoul Denis Junior dit T. Ra<\/strong><\/p>\n<p>N\u00e9 le 22 juin 1958,\u00a0Raoul Denis Jr est issu d&rsquo;une famille de musiciens. Parall\u00e8lement \u00e0 des \u00e9tudes de musique classique, Raoul manifeste tr\u00e8s t\u00f4t ses go\u00fbts pour la musique populaire et rejoint des formations musicales bien connues de la place, telles le DP Express et Z\u00e8kl\u00e8 entre autres, avec qui il se produit des centaines de fois. Ses \u00e9tudes en droit termin\u00e9es, Raoul obtient une bourse en musique et part se perfectionner \u00e0 Bogot\u00e1 en violoncelle et \u00e9tudes en harmonie et composition musicale. Une p\u00e9riode tr\u00e8s prolifique de production le conduit \u00e0 \u00e9crire des chansons c\u00e9l\u00e8bres telles \u00ab\u00a0Sukaina\u00a0\u00bb,\u00a0\u00bbSiromyel\u00a0\u00bb, \u00ab\u00a0Mizikasyon\u00a0\u00bb ou encore \u00ab\u00a0Korekteman\u00a0\u00bb; en plus d&rsquo;arranger des compositions pour des chanteurs et chanteuses tels Yole&amp;Ansy D\u00e9rose, Carole Demesmin, Emeline Michel, Jn-Michel Daudier. Plus tard, Raoul devient Directeur Musical du Balet Folklorique d&rsquo;Haiti et \u00e9crit cinq livrets de musique pour Ballet Folklorique, dont Doreus, Tezen, le Roy Henry, Papa Loko et Ayti, Myst\u00e8re Ta\u00efno. Passionn\u00e9 de Droits d&rsquo;auteur, Raoul est un fervent militant de la protection intellectuelle, qu&rsquo;il d\u00e9fend depuis plus de 20 ans.\u00a0Avec l&rsquo;aide de sa m\u00e8re Mme Micheline Laudun Denis pour les recherches, Raoul est heureux de pr\u00e9senter ce \u00ab\u00a0Chita Pal\u00e9\u00a0\u00bb sur la Musique Classique Ha\u00eftienne.<\/p>\n<p>&nbsp;<\/p>\n<p><strong><u>MERCREDI 16 OCTOBRE\u00a0: RENCONTRE AVEC BELO<\/u><\/strong><\/p>\n<p><strong>Horaires<\/strong>: 3h- 5h pm<\/p>\n<p><strong>Intervenant<\/strong>\u00a0: B\u00e9lO<\/p>\n<p>Originaire de Croix-des-Bouquets, B\u00e9lO est un artiste qui fait une musique exp\u00e9rimentale qui m\u00e9lange musique traditionnelle ha\u00eftienne avec les rythmes modernes tels que Jazz, bleus, Ragga, Reggae, Rock. Artiste pr\u00e9coce, il fait ses d\u00e9buts sur sc\u00e8ne \u00e0 l&rsquo;occasion de la f\u00eate du livre en interpr\u00e9tant une chanson de\u00a0Buju Banton\u00a0alors qu&rsquo;il n&rsquo;est \u00e2g\u00e9 que de 11 ans. Il apprend la basse et la guitare en autodidacte. En\u00a02005, il termine des \u00e9tudes de comptabilit\u00e9 et sort son premier album\u00a0Lakou trankil\u00a0qui connait un grand succ\u00e8s en\u00a0Ha\u00efti. En novembre\u00a02006, on lui d\u00e9cerne le Prix D\u00e9couvertes RFI\u00a0\u00e0\u00a0Douala\u00a0au\u00a0Cameroun. En 2007, il fait une grande tourn\u00e9e en\u00a0Afrique de l&rsquo;Ouest, en\u00a0Am\u00e9rique latine, aux\u00a0\u00c9tats-Unis\u00a0en\u00a0France\u00a0et au\u00a0Qu\u00e9bec. Il sort un second album\u00a0R\u00e9f\u00e9rence\u00a0en\u00a02008. En \u00e9t\u00e9 2011 il sort son troisi\u00e8me album Ha\u00efti Debout. Il porte aussi les titres d\u2019Ambassadeur officiel des personnes Handicap\u00e9es en Ha\u00efti, Ambassadeur officiel de l&rsquo;environnement en Ha\u00efti, Ambassadeur de la Francophonie Ha\u00efti.<\/p>\n<p>&nbsp;<\/p>\n<p><strong><u>JEUDI 17 OCTOBRE\u00a0: JOURNEE PORTE OUVERTE<\/u><\/strong><\/p>\n<p>Joun\u00e9e portes ouvertes dans le cadre de la cl\u00f4ture du programme ARCADES, Kay Mizik La accueille:<\/p>\n<p>1) Une Projection de courts m\u00e9trages r\u00e9alis\u00e9s \u00e0 CineInstitute, suivis d&rsquo;un d\u00e9bat<\/p>\n<p>2) Une Exposition de drapeaux Vaudous du Bel Air<\/p>\n<p>&nbsp;<\/p>\n<p><strong><u>JEUDI 24 OCTOBRE\u00a0: CINEMA \u00ab\u00a0MAESTRO ISSA\u00a0\u00bb DE FRANTZ VOLTAIRE\u00a0<\/u><\/strong><\/p>\n<p><strong>Horaires\u00a0: 3hpm \/ dur\u00e9e 52 min.<\/strong><\/p>\n<p>Ce documentaire sur Issa Saieh retrace le parcours singulier de ce fils d\u2019immigrants palestiniens n\u00e9 \u00e0 Petit-Guave. Apres avoir \u00e9tudi\u00e9 la musique classique. Influenc\u00e9 par le jazz, il r\u00e9alise une r\u00e9volution musicale en Ha\u00efti. Le documentaire met l\u2019accent sur les ann\u00e9es 1942-1959 ou se d\u00e9roule sa carri\u00e8re exceptionnelle. Il d\u00e9couvre de jeunes musiciens pleins de talent, comme Jo Trouillot, Guy Durosier, Raoul Guillaume ou encore les fr\u00e8res Sicot et les tambourineurs Ti-Roro et Ti-Marcel.Il fait appel \u00e0 des grands arrangeurs comme Bobby Hicks ou Bebo Valdes le cubain. Il enregistre des disques avec des chansons inoubliables sous le label qu\u2019il a cr\u00e9e \u00ab La Belle Cr\u00e9ole \u00bb. Avant de se retirer il enregistre \u00e0 Radio Progresso \u00e0 la Havane en 1958 et c\u00e8de son orchestre \u00e0 Jo Trouillot en 1959.<\/p>\n<p>&nbsp;<\/p>\n<p><strong><u>JEUDI 31 OCTOBRE\u00a0: RENCONTRE AVEC DADOU PASQUET <\/u><\/strong><\/p>\n<p><strong>Horaires: 2h- 4h pm<\/strong><\/p>\n<p><strong>Intervenant\u00a0: Dadou Pasquet<\/strong><\/p>\n<p><strong>Andr\u00e9 Pasquet (DADOU)<\/strong>\u00a0est n\u00e9 le 10 ao\u00fbt 1956 \u00e0 Port-au Prince, Ha\u00efti. Il est le neveu du tr\u00e8s grand Rodolphe (D\u00f2d\u00f2f) Legros. Il est guitariste, compositeur, chanteur, arrangeur. Ayant fait les beaux jours du\u00a0<strong>Tabou Combo<\/strong>, dont il \u00e9tait le maestro de 1970 \u00e0 1976, il quitte cette formation musicale pour fonder avec son fr\u00e8re Tico Pasquet le Magnum Band, \u00ab\u00a0la seule diff\u00e9rence\u00a0\u00bb, qui conna\u00eetra un tr\u00e8s grand succ\u00e8s dans les Antilles et en Europe. Il est un excellent chanteur avec une voix unique dans la Cara\u00efbe. Carlos SANTANA a interpr\u00e9t\u00e9 \u00ab\u00a0Mabouya\u00a0\u00bb un de ses succ\u00e8s avec le Tabou Combo sous le titre \u00ab\u00a0Fou Fou\u00a0\u00bb (Foo Foo).\u00a0<em>Guitare Magazine<\/em>\u00a0le classe parmi les meilleurs guitaristes au monde. En 1996, il participe au festival des Jeux Olympiques avec sa formation musicale le Magnum Band. Il est aussi acteur \u00e0 ses heures. C&rsquo;est l&rsquo;un des musiciens ha\u00eftiens et carib\u00e9ens les plus complets et les plus respect\u00e9s au monde.<\/p>\n<p><strong><u>\u00a0<\/u><\/strong><\/p>\n<p><strong><u>ET TOUJOURS\u00a0:<\/u><\/strong><\/p>\n<p><strong><u>COURS PRIVE AVEC ALEX JACQUEMIN <\/u><\/strong><\/p>\n<p>Horaires: le mardi de 10ham \u00e0 1hpm<\/p>\n<p><strong><u>COURS DE SOLFEGE AVEC WELMYR JEAN PIERRE<\/u><\/strong><\/p>\n<p>Horaires: le mardi de 3hpm \u00e0 4h30pm<\/p>\n<p><em>\u00a0<\/em><\/p>\n<p><strong><u>CONDITIONS GENERALES DE PARTICIPATION\u00a0<\/u><\/strong><u>:<\/u><\/p>\n<p><em>Les activit\u00e9s de KAY MIZIK LA s\u2019adressent aux professionnels de la musique. Elles sont gratuites pour les membres de l\u2019association AYITI MIZIK \u00e0 jour de cotisation pour l\u2019ann\u00e9e 2013-2014. L\u2019a<\/em><em>dh\u00e9sion \u00e0 l\u2019association\u00a0<\/em><em>AYITI MIZIK <\/em><em>co\u00fbte 1000 HTG pour l\u2019ann\u00e9e, et donne droit aux formations (sous r\u00e9serve de place disponible) et \u00e0 l\u2019ensemble des services offerts par <\/em><em>KAY MIZIK LA<\/em><em>\u00a0: conseil professionnel, acc\u00e8s \u00e0 la m\u00e9diath\u00e8que, conf\u00e9rence, table ronde, cin\u00e9ma, chita pale.<\/em><em>L\u2019a<\/em><em>dh\u00e9sion \u00e0 <\/em><em>KAY MIZIK LA <\/em><em>co\u00fbte<\/em><em>200 HTG pour <\/em><em>l\u2019ann\u00e9e<\/em><em>, et donne droit simplement aux services suivants\u00a0: <\/em><em>m\u00e9diath\u00e8que, conf\u00e9rence, table ronde, cin\u00e9ma, chita pale.<\/em><\/p>\n","protected":false},"excerpt":{"rendered":"<p>PROGRAMME OCTOBRE 2013 &nbsp; 10 OCTOBRE: atelier avec Raoul Denis Junior dit T. Ra sur \u00ab\u00a0la musique classique ha\u00eftienne\u00a0\u00bb 16 OCTOBRE\u00a0: rencontre avec\u00a0B\u00e9lO 17 OCTOBRE\u00a0: journ\u00e9e portes ouvertes 24 OCTOBRE\u00a0: cin\u00e9ma \u00ab\u00a0Maestro Issa\u00a0\u00bb de Frantz Voltaire 31 OCTOBRE\u00a0: rencontre avec &hellip; <a href=\"http:\/\/ayitimizik.net\/index.php\/2013\/10\/01\/kay-mizik-la-programmation-octobre-2013\/\">Continuer la lecture <span class=\"meta-nav\">&rarr;<\/span><\/a><\/p>\n","protected":false},"author":2,"featured_media":0,"comment_status":"closed","ping_status":"closed","sticky":false,"template":"","format":"standard","meta":[],"categories":[14,13],"tags":[],"_links":{"self":[{"href":"http:\/\/ayitimizik.net\/index.php\/wp-json\/wp\/v2\/posts\/1064"}],"collection":[{"href":"http:\/\/ayitimizik.net\/index.php\/wp-json\/wp\/v2\/posts"}],"about":[{"href":"http:\/\/ayitimizik.net\/index.php\/wp-json\/wp\/v2\/types\/post"}],"author":[{"embeddable":true,"href":"http:\/\/ayitimizik.net\/index.php\/wp-json\/wp\/v2\/users\/2"}],"replies":[{"embeddable":true,"href":"http:\/\/ayitimizik.net\/index.php\/wp-json\/wp\/v2\/comments?post=1064"}],"version-history":[{"count":2,"href":"http:\/\/ayitimizik.net\/index.php\/wp-json\/wp\/v2\/posts\/1064\/revisions"}],"predecessor-version":[{"id":1072,"href":"http:\/\/ayitimizik.net\/index.php\/wp-json\/wp\/v2\/posts\/1064\/revisions\/1072"}],"wp:attachment":[{"href":"http:\/\/ayitimizik.net\/index.php\/wp-json\/wp\/v2\/media?parent=1064"}],"wp:term":[{"taxonomy":"category","embeddable":true,"href":"http:\/\/ayitimizik.net\/index.php\/wp-json\/wp\/v2\/categories?post=1064"},{"taxonomy":"post_tag","embeddable":true,"href":"http:\/\/ayitimizik.net\/index.php\/wp-json\/wp\/v2\/tags?post=1064"}],"curies":[{"name":"wp","href":"https:\/\/api.w.org\/{rel}","templated":true}]}}