{"id":1061,"date":"2013-09-01T18:48:45","date_gmt":"2013-09-01T16:48:45","guid":{"rendered":"http:\/\/ayitimizik.net\/?p=1061"},"modified":"2018-09-01T18:50:47","modified_gmt":"2018-09-01T16:50:47","slug":"kay-mizik-la-programmation-septembre-2013","status":"publish","type":"post","link":"http:\/\/ayitimizik.net\/index.php\/2013\/09\/01\/kay-mizik-la-programmation-septembre-2013\/","title":{"rendered":"Kay Mizik La programmation septembre 2013"},"content":{"rendered":"<p><img loading=\"lazy\" class=\"aligncenter size-full wp-image-877\" src=\"http:\/\/ayitimizik.net\/wp-content\/uploads\/2018\/08\/Logo_Kaymizikla_ok.jpg\" alt=\"\" width=\"1102\" height=\"336\" srcset=\"http:\/\/ayitimizik.net\/wp-content\/uploads\/2018\/08\/Logo_Kaymizikla_ok.jpg 1102w, http:\/\/ayitimizik.net\/wp-content\/uploads\/2018\/08\/Logo_Kaymizikla_ok-900x274.jpg 900w, http:\/\/ayitimizik.net\/wp-content\/uploads\/2018\/08\/Logo_Kaymizikla_ok-768x234.jpg 768w, http:\/\/ayitimizik.net\/wp-content\/uploads\/2018\/08\/Logo_Kaymizikla_ok-1024x312.jpg 1024w\" sizes=\"(max-width: 1102px) 100vw, 1102px\" \/><\/p>\n<p><strong>PROGRAMME SEPTEMBRE 2013<\/strong><\/p>\n<p>4 septembre: atelier avec Jo\u00ebl Widma\u00efer sur les rapports entre le musicien et le technicien du son<\/p>\n<p>19 septembre\u00a0: cin\u00e9ma\u00a0\/ \u00ab\u00a0Hip hop, le monde est \u00e0 vous\u00a0\u00bb de Joshua Atesh<\/p>\n<p>20 septembre\u00a0: rencontre avec Hans Roc sur le rap et le ragga en Ha\u00efti<\/p>\n<p>27 septembre\u00a0: rencontre avec Pierre Boncy sur l\u2019histoire du konpa<\/p>\n<p>Et toujours\u00a0:<\/p>\n<p>&#8211;\u00a0 cours priv\u00e9s avec Alex Jacquemin (tous les mardis matin)<\/p>\n<p>&#8211;\u00a0 cours r\u00e9guliers de solf\u00e8ge (tous les mardis apr\u00e8s-midi)<\/p>\n<p>&nbsp;<\/p>\n<p><strong><u>MERCREDI 4 SEPTEMBRE\u00a0 ATELIER AVEC JOEL WIDMAIER\u00a0: LA RELATION ENTRE LE MUSICIEN ET L\u2019INGENIEUR DU SON<\/u><\/strong><\/p>\n<p><strong>Horaires\u00a0: 3h- 5h pm<\/strong><\/p>\n<p><strong>Intervenant\u00a0: Jo\u00ebl Widma\u00efer<\/strong><\/p>\n<p>Directeur de production de Radio M\u00e9tropole, compositeur de plus de 70 jingles d\u2019habillages d\u2019antennes et commerciaux, arrangeur, r\u00e9alisateur, producteur, monteur, Jo\u00ebl Widma\u00efer est avant tout un passionn\u00e9 de \u00ab Son \u00bb.Autodidacte, <strong>il <\/strong>joue \u00e0 la batterie depuis l&rsquo;\u00e2ge de 13 ans. Durant ses \u00e9tudes de radiocommunication et d\u2019ing\u00e9nierie du son aux Etats Unis, il d\u00e9couvre la guitare et compose les premi\u00e8res musiques de Z\u00e8kl\u00e8. Un beat \u00e0 la fois rock et konpa, teint\u00e9 de jazz, qui va atteindre le comble de son expression quand Jo\u00ebl retrouve la bande compos\u00e9e de Ralph Boncy, Ti Raoul Denis et Mushy Widmaier pour cr\u00e9er Z\u00e8kl\u00e8 en 1981.<\/p>\n<p>&nbsp;<\/p>\n<p><strong><u>Jeudi 19 septembre\u00a0: CINEMA\u00a0\/ HIP HOP, LE MONDE EST \u00c0 VOUS DE JOSHUA ATESH<\/u><\/strong><\/p>\n<p><strong>Horaires\u00a0: 3hpm \/ dur\u00e9e 88 min<\/strong>.<\/p>\n<p>Retour sur les origines du hip-hop, son esprit contestataire et ses expressions de par le monde. Un voyage musical exaltant o\u00f9 l&rsquo;art rencontre la politique. C\u2019est dans le Bronx des ann\u00e9es 1970 qu\u2019est n\u00e9 le hip-hop. Rapidement, ce mouvement culturel prot\u00e9iforme, port\u00e9 par la communaut\u00e9 afro-am\u00e9ricaine, trouve dans la musique son expression la plus \u00e9loquente : \u00e0 c\u00f4t\u00e9 des initiateurs du break dance et des graffeurs, la figure du MC (ma\u00eetre de c\u00e9r\u00e9monie) subjugue les artistes en herbe. \u00ab Le rap a commenc\u00e9 avec de simples mots lanc\u00e9s comme \u00e7a. Les mots se sont transform\u00e9s en phrases, les phrases en vers, les vers en paragraphes et la rime \u00e9tait n\u00e9e \u00bb, se souvient Grandmaster Caz, membre des l\u00e9gendaires Cold Crush Brothers. Dans le sillon des pionniers am\u00e9ricains, le hip-hop se r\u00e9pand aux quatre coins du monde &#8230;<\/p>\n<p>&nbsp;<\/p>\n<p><strong><u>Vendredi 20 septembre\u00a0: RENCONTRE AVEC HANS ROC SUR LE RAP ET LE RAGGA EN HAITI<\/u><\/strong><\/p>\n<p><strong>Horaires: 3h- 5h pm<\/strong><\/p>\n<p><strong>Intervenant<\/strong>\u00a0: HANS ROC<\/p>\n<p>Architecte et musicien, il a \u00e9t\u00e9 l\u2019un des piliers de Effects Studio (base du Rap &amp; Ragga en Ha\u00efti), avec Gilbert Bailly et Jo Dor\u00e9, il a travaill\u00e9 avec Master J., Original Rap Staff, Rap in Family, Masters\u2026 Devient musicien (keyboardiste) de King Posse, groupe pour lequel il a produit plusieurs meringues carnavalesques \u00e0succ\u00e8s. Egalement constructeur de Chars carnavalesques et ing\u00e9nieur de son, il est fondateur de \u00ab\u00a0DuRoc Entreprises\u00a0\u00bb et membre de \u00ab\u00a0Sonomix\u00a0\u00bb.<\/p>\n<p>&nbsp;<\/p>\n<p><strong><u>Vendredi 27 septembre\u00a0: RENCONTRE SUR LE THEME \u00ab\u00a0L\u2019HISTOIRE DU KONPA\u00a0\u00bb SELON PIERRE BONCY <\/u><\/strong><\/p>\n<p><strong>Horaires: 2h- 4h pm<\/strong><\/p>\n<p><strong>Intervenant<\/strong>\u00a0: PIERRE BONCY<\/p>\n<p>N\u00e9 en 1950, Pierre Boncy est m\u00e9decin de profession, guitariste et compositeur. Il a collabor\u00e9 avec plusieurs mini jazz, tels que\u00a0: Les difficiles de P\u00e9tion-Ville, Les Corvington, Baby Jazz\u2026 Chercheur, il a d\u00e9battu sur la musique ha\u00eftienne, afro cubaine et sur le jazz.<\/p>\n<p>&nbsp;<\/p>\n<p><strong><u>ET TOUJOURS\u00a0:<\/u><\/strong><\/p>\n<p><strong><u>COURS DE GUITARE PRIV\u00c9S AVEC ALEX JACQUEMIN<\/u><\/strong><\/p>\n<p>Horaires: le mardi de 10ham \u00e0 1hpm<\/p>\n<p><strong><u>COURS DE SOLFEGE AVEC WELMYR JEAN PIERRE<\/u><\/strong><\/p>\n<p>Horaires: le mardi de 3hpm \u00e0 4h30pm<\/p>\n<p><em>\u00a0<\/em><\/p>\n<p><strong><u>CONDITIONS GENERALES DE PARTICIPATION\u00a0<\/u><\/strong><u>:<\/u><\/p>\n<p><em>Les activit\u00e9s de KAY MIZIK LA s\u2019adressent aux professionnels de la musique. Elles sont gratuites pour les membres de l\u2019association AYITI MIZIK \u00e0 jour de cotisation pour l\u2019ann\u00e9e 2013-2014. L\u2019a<\/em><em>dh\u00e9sion \u00e0 l\u2019association\u00a0<\/em><em>AYITI MIZIK <\/em><em>co\u00fbte 1000 HTG pour l\u2019ann\u00e9e, et donne droit aux formations (sous r\u00e9serve de place disponible) et \u00e0 l\u2019ensemble des services offerts par <\/em><em>KAY MIZIK LA<\/em><em>\u00a0: conseil professionnel, acc\u00e8s \u00e0 la m\u00e9diath\u00e8que, conf\u00e9rence, table ronde, cin\u00e9ma, chita pale.<\/em><em>L\u2019a<\/em><em>dh\u00e9sion \u00e0 <\/em><em>KAY MIZIK LA <\/em><em>co\u00fbte<\/em><em>200 HTG pour <\/em><em>l\u2019ann\u00e9e<\/em><em>, et donne droit simplement aux services suivants\u00a0: <\/em><em>m\u00e9diath\u00e8que, conf\u00e9rence, table ronde, cin\u00e9ma, chita pale.<\/em><\/p>\n","protected":false},"excerpt":{"rendered":"<p>PROGRAMME SEPTEMBRE 2013 4 septembre: atelier avec Jo\u00ebl Widma\u00efer sur les rapports entre le musicien et le technicien du son 19 septembre\u00a0: cin\u00e9ma\u00a0\/ \u00ab\u00a0Hip hop, le monde est \u00e0 vous\u00a0\u00bb de Joshua Atesh 20 septembre\u00a0: rencontre avec Hans Roc sur &hellip; <a href=\"http:\/\/ayitimizik.net\/index.php\/2013\/09\/01\/kay-mizik-la-programmation-septembre-2013\/\">Continuer la lecture <span class=\"meta-nav\">&rarr;<\/span><\/a><\/p>\n","protected":false},"author":2,"featured_media":0,"comment_status":"closed","ping_status":"closed","sticky":false,"template":"","format":"standard","meta":[],"categories":[14,13],"tags":[],"_links":{"self":[{"href":"http:\/\/ayitimizik.net\/index.php\/wp-json\/wp\/v2\/posts\/1061"}],"collection":[{"href":"http:\/\/ayitimizik.net\/index.php\/wp-json\/wp\/v2\/posts"}],"about":[{"href":"http:\/\/ayitimizik.net\/index.php\/wp-json\/wp\/v2\/types\/post"}],"author":[{"embeddable":true,"href":"http:\/\/ayitimizik.net\/index.php\/wp-json\/wp\/v2\/users\/2"}],"replies":[{"embeddable":true,"href":"http:\/\/ayitimizik.net\/index.php\/wp-json\/wp\/v2\/comments?post=1061"}],"version-history":[{"count":2,"href":"http:\/\/ayitimizik.net\/index.php\/wp-json\/wp\/v2\/posts\/1061\/revisions"}],"predecessor-version":[{"id":1063,"href":"http:\/\/ayitimizik.net\/index.php\/wp-json\/wp\/v2\/posts\/1061\/revisions\/1063"}],"wp:attachment":[{"href":"http:\/\/ayitimizik.net\/index.php\/wp-json\/wp\/v2\/media?parent=1061"}],"wp:term":[{"taxonomy":"category","embeddable":true,"href":"http:\/\/ayitimizik.net\/index.php\/wp-json\/wp\/v2\/categories?post=1061"},{"taxonomy":"post_tag","embeddable":true,"href":"http:\/\/ayitimizik.net\/index.php\/wp-json\/wp\/v2\/tags?post=1061"}],"curies":[{"name":"wp","href":"https:\/\/api.w.org\/{rel}","templated":true}]}}