{"id":1058,"date":"2013-08-01T18:42:19","date_gmt":"2013-08-01T16:42:19","guid":{"rendered":"http:\/\/ayitimizik.net\/?p=1058"},"modified":"2018-09-01T18:43:48","modified_gmt":"2018-09-01T16:43:48","slug":"kay-mizik-la-programmation-aout-2013","status":"publish","type":"post","link":"http:\/\/ayitimizik.net\/index.php\/2013\/08\/01\/kay-mizik-la-programmation-aout-2013\/","title":{"rendered":"Kay Mizik La programmation ao\u00fbt 2013"},"content":{"rendered":"<p><img loading=\"lazy\" class=\"aligncenter size-full wp-image-877\" src=\"http:\/\/ayitimizik.net\/wp-content\/uploads\/2018\/08\/Logo_Kaymizikla_ok.jpg\" alt=\"\" width=\"1102\" height=\"336\" srcset=\"http:\/\/ayitimizik.net\/wp-content\/uploads\/2018\/08\/Logo_Kaymizikla_ok.jpg 1102w, http:\/\/ayitimizik.net\/wp-content\/uploads\/2018\/08\/Logo_Kaymizikla_ok-900x274.jpg 900w, http:\/\/ayitimizik.net\/wp-content\/uploads\/2018\/08\/Logo_Kaymizikla_ok-768x234.jpg 768w, http:\/\/ayitimizik.net\/wp-content\/uploads\/2018\/08\/Logo_Kaymizikla_ok-1024x312.jpg 1024w\" sizes=\"(max-width: 1102px) 100vw, 1102px\" \/><\/p>\n<p><strong>PROGRAMME AOUT 2013<\/strong><\/p>\n<p>&nbsp;<\/p>\n<p>6 ao\u00fbt\u00a0: d\u00e9but des cours priv\u00e9s avec Alex Jacquemin (tous les mardis matin)<\/p>\n<p>6 ao\u00fbt\u00a0: reprise des cours r\u00e9guliers de solf\u00e8ge avec Welmyr Jean Pierre (tous les mardis apr\u00e8s-midi)<\/p>\n<p>9 ao\u00fbt\u00a0: cin\u00e9ma \/ <em>Tropicana d\u2019Ha\u00efti, une histoire de g\u00e9n\u00e9rations <\/em>de JC Bourjolly<\/p>\n<p>12 ao\u00fbt\u00a0: atelier basse avec Richard Barbot<\/p>\n<p>23 ao\u00fbt\u00a0: rencontre avec Jacky Ambroise de Strings<\/p>\n<p>&nbsp;<\/p>\n<p><strong><u>Mardi 6 ao\u00fbt\u00a0: COURS PRIVE AVEC ALEX JACQUEMIN<\/u><\/strong><\/p>\n<p>Pour le mois d&rsquo;ao\u00fbt 2013, Ayiti Mizik s&rsquo;associe avec Alex Jacquemin pour offrir des cours r\u00e9guliers \u00e0 Kay Mizik La. Les cours portent sur l&rsquo;improvisation et l\u2019accompagnement dans le jazz. Ils s&rsquo;adressent \u00e0 tous les instrumentistes.<\/p>\n<p><strong>Horaires: le mardi de 10ham \u00e0 1hpm<\/strong><\/p>\n<p><strong>Intervenant : Alex Jacquemin<\/strong><\/p>\n<p>Apr\u00e8s avoir appris la guitare, blues et rock, en autodidacte, Alex Jacquemin s\u00e9journe au Centre Musical et Cr\u00e9atif de Nancy (France) o\u00f9 il se forme aux standards de jazz. A partir de son passage \u00e0 la Berklee School de Boston, il commence \u00e0 d\u00e9velopper un style plus personnel. Habitu\u00e9 de la sc\u00e8ne jazz parisienne et newyorkaise, o\u00f9 il se produit r\u00e9guli\u00e8rement depuis plus de 15 ans, il s\u2019installe maintenant \u00e0 Port-au-Prince pour participer au d\u00e9veloppement d\u2019un jazz cr\u00e9ole m\u00ealant les musiques traditionnelles ha\u00eftiennes et les nombreux courants du jazz.<\/p>\n<p><strong><em><u>Attention<\/u><\/em><\/strong><em>: ce cours n\u2019est pas gratuit. Il est demand\u00e9 une participation de 200 HTG par cours et par personne. Seule l&rsquo;adh\u00e9sion \u00e0 Kay Mizik La est exig\u00e9e (200 HTG \u00e0 l&rsquo;ann\u00e9e).<\/em><\/p>\n<p>&nbsp;<\/p>\n<p><strong><u>Mardi 4 ao\u00fbt\u00a0: REPRISE DES COURS DE SOLFEGE (3<sup>\u00e8me<\/sup>session)<\/u><\/strong><\/p>\n<p><strong>La troisi\u00e8me session des cours de solf\u00e8ge d\u00e9butera le mardi 6 ao\u00fbt. Elle durera 5 mois, jusqu\u2019au <\/strong>mois de d\u00e9cembre, tous les mardi de 3hpm \u00e0 4h30pm.<\/p>\n<p><strong>Horaires: le mardi de 3hpm \u00e0 4h30pm<\/strong><\/p>\n<p><strong>Intervenant\u00a0: Welmyr Jean-Pierre<\/strong><\/p>\n<p><strong>Welmyr Jean-Pierre<\/strong><strong>, <\/strong>ing\u00e9nieur civil de profession, est originaire du Cap-Ha\u00eftien. Il a d\u00e9but\u00e9 ses \u00e9tudes de piano classique d\u00e8s l&rsquo;\u00e2ge de 5 ans et demi. D&rsquo;abord avec s\u0153ur ain\u00e9e, Dr. Elkine Jean-Pierre, puis avec le professeur Solon C. Verettes. En dehors du style classique, c&rsquo;est un passionn\u00e9 de gospel et de jazz. Il a travaill\u00e9 et tourne r\u00e9guli\u00e8rement avec des artistes de renom comme The Brooklyn Tabernacle Choir, Mozayik, Beethova Obas, Emeline Michel, NY All Stars pour ne citer que ceux-l\u00e0. Son deuxi\u00e8me instrument est la clarinette.<\/p>\n<p><strong>Nombre de places<\/strong>\u00a0: 15 (inscription au bureau de KAY MIZIK LA)<\/p>\n<p><em>Gratuit pour tous les adh\u00e9rents de Ayiti Mizik \u00e0 jour de cotisation dans la limite des places disponibles<\/em><\/p>\n<p><em>\u00a0<\/em><\/p>\n<p><strong><u>Vendredi 9 ao\u00fbt\u00a0: CINEMA \/ <em>TROPICANA D\u2019HAITI, UNE HISTOIRE DE GENERATIONS de JEAN-CLAUDE BOURJOLLY<\/em><\/u><\/strong><\/p>\n<p><strong>Horaires: 3hpm<\/strong><\/p>\n<p>Le Tropicana d\u2019Ha\u00efti fut fond\u00e9 en 1963 par des jeunes musiciens transfuges du groupe Cara\u00efbe, soutenus par des m\u00e9c\u00e8nes. Cette formation a connu toutes sortes de difficult\u00e9s avant de se faire une place sur l\u2019\u00e9chiquier musical ha\u00eftien. Une histoire fabuleuse dans une ville au pass\u00e9 glorieux, t\u00e9moin des hauts faits de l\u2019Histoire d\u2019Ha\u00efti.<\/p>\n<p>&nbsp;<\/p>\n<p><strong><u>Lundi 12 ao\u00fbt\u00a0: ATELIER BASSE AVEC RICHARD BARBOT <\/u><\/strong><\/p>\n<p><strong>Horaires: de 10ham \u00e0 1hpm<\/strong><\/p>\n<p>L\u2019atelier portera sur le r\u00e8glage de la basse, la bonne touche et le travail avec le m\u00e9tronome<\/p>\n<p><strong>Intervenant\u00a0: Richard Barbot <\/strong><\/p>\n<p>Richard Barbot a suivi des cours priv\u00e9s avec Maurice Trottier en 1980. En 1986, il enregistre avec des artistes tels que Emeline Michel, Lionel Benjamin et plusieurs autres. En 1988, il fait partie des groupes Caribbean Sextet et Zekle. Il a accompagn\u00e9 des artistes nationaux et internationaux, tels que\u00a0: R\u00e9ginald Policard, Hansy Deroses, Guy Durosier, Nelson Ned, Sweet Micky, Ralph Thamar, Mariana Martin, Azor, Luck Mervil , et plusieurs autres.<\/p>\n<p>Il enseigne actuellement \u00e0 l\u2019Ecole Nationale des Arts.<\/p>\n<p>&nbsp;<\/p>\n<p><strong><u>Vendredi 23 ao\u00fbt\u00a0: rencontre avec Jacky Ambroise (Strings)<\/u><\/strong><\/p>\n<p><strong>Horaires: 3hpm<\/strong><\/p>\n<p>Rencontre avec Jacky Ambroise, guitariste de renom, fondateur du groupe Strings.<\/p>\n<p><strong>Jacky Ambroise\u00a0<\/strong>est n\u00e9 \u00e0 Port-au-Prince en 1959. Il a \u00e9t\u00e9 introduit tr\u00e8s jeune \u00e0 la musique, gr\u00e2ce \u00e0 son p\u00e8re qui jouait de la fl\u00fbte classique. Son amour pour la musique classique espagnole l\u2019a pouss\u00e9 \u00e0 apprendre \u00e0 jouer de la guitare de mani\u00e8re autodidacte. Il a jou\u00e9 dans de nombreux groupes locaux jusqu\u2019\u00e0 ce qu\u2019en 1996, il a eu l\u2019id\u00e9e de m\u00e9langer le style troubadour ha\u00eftien et le flamenco espagnole pour cr\u00e9er le style \u00ab\u00a0flamenco tropical\u00a0\u00bb. Il a alors fond\u00e9 Strings avec Philippe Augustin. Ils ont jou\u00e9 dans de nombreux pays et ont enregistr\u00e9 plusieurs albums.<\/p>\n<p><em>\u00a0<\/em><\/p>\n<p><strong><u>CONDITIONS GENERALES DE PARTICIPATION\u00a0<\/u><\/strong><u>:<\/u><\/p>\n<p><em>Les activit\u00e9s de KAY MIZIK LA s\u2019adressent aux professionnels de la musique. Elles sont gratuites pour les membres de l\u2019association AYITI MIZIK \u00e0 jour de cotisation pour l\u2019ann\u00e9e 2013-2014. L\u2019a<\/em><em>dh\u00e9sion \u00e0 l\u2019association\u00a0<\/em><em>AYITI MIZIK <\/em><em>co\u00fbte 1000 HTG pour l\u2019ann\u00e9e, et donne droit aux formations (sous r\u00e9serve de place disponible) et \u00e0 l\u2019ensemble des services offerts par <\/em><em>KAY MIZIK LA<\/em><em>\u00a0: conseil professionnel, acc\u00e8s \u00e0 la m\u00e9diath\u00e8que, conf\u00e9rence, table ronde, cin\u00e9ma, chita pale.<\/em><em>L\u2019a<\/em><em>dh\u00e9sion \u00e0 <\/em><em>KAY MIZIK LA <\/em><em>co\u00fbte<\/em><em>200 HTG pour <\/em><em>l\u2019ann\u00e9e<\/em><em>, et donne droit simplement aux services suivants\u00a0: <\/em><em>m\u00e9diath\u00e8que, conf\u00e9rence, table ronde, cin\u00e9ma, chita pale.<\/em><\/p>\n","protected":false},"excerpt":{"rendered":"<p>PROGRAMME AOUT 2013 &nbsp; 6 ao\u00fbt\u00a0: d\u00e9but des cours priv\u00e9s avec Alex Jacquemin (tous les mardis matin) 6 ao\u00fbt\u00a0: reprise des cours r\u00e9guliers de solf\u00e8ge avec Welmyr Jean Pierre (tous les mardis apr\u00e8s-midi) 9 ao\u00fbt\u00a0: cin\u00e9ma \/ Tropicana d\u2019Ha\u00efti, une &hellip; <a href=\"http:\/\/ayitimizik.net\/index.php\/2013\/08\/01\/kay-mizik-la-programmation-aout-2013\/\">Continuer la lecture <span class=\"meta-nav\">&rarr;<\/span><\/a><\/p>\n","protected":false},"author":2,"featured_media":0,"comment_status":"closed","ping_status":"closed","sticky":false,"template":"","format":"standard","meta":[],"categories":[14,13],"tags":[],"_links":{"self":[{"href":"http:\/\/ayitimizik.net\/index.php\/wp-json\/wp\/v2\/posts\/1058"}],"collection":[{"href":"http:\/\/ayitimizik.net\/index.php\/wp-json\/wp\/v2\/posts"}],"about":[{"href":"http:\/\/ayitimizik.net\/index.php\/wp-json\/wp\/v2\/types\/post"}],"author":[{"embeddable":true,"href":"http:\/\/ayitimizik.net\/index.php\/wp-json\/wp\/v2\/users\/2"}],"replies":[{"embeddable":true,"href":"http:\/\/ayitimizik.net\/index.php\/wp-json\/wp\/v2\/comments?post=1058"}],"version-history":[{"count":1,"href":"http:\/\/ayitimizik.net\/index.php\/wp-json\/wp\/v2\/posts\/1058\/revisions"}],"predecessor-version":[{"id":1059,"href":"http:\/\/ayitimizik.net\/index.php\/wp-json\/wp\/v2\/posts\/1058\/revisions\/1059"}],"wp:attachment":[{"href":"http:\/\/ayitimizik.net\/index.php\/wp-json\/wp\/v2\/media?parent=1058"}],"wp:term":[{"taxonomy":"category","embeddable":true,"href":"http:\/\/ayitimizik.net\/index.php\/wp-json\/wp\/v2\/categories?post=1058"},{"taxonomy":"post_tag","embeddable":true,"href":"http:\/\/ayitimizik.net\/index.php\/wp-json\/wp\/v2\/tags?post=1058"}],"curies":[{"name":"wp","href":"https:\/\/api.w.org\/{rel}","templated":true}]}}