{"id":1056,"date":"2013-07-01T18:38:49","date_gmt":"2013-07-01T16:38:49","guid":{"rendered":"http:\/\/ayitimizik.net\/?p=1056"},"modified":"2018-09-01T18:41:07","modified_gmt":"2018-09-01T16:41:07","slug":"kay-mizik-la-programmation-juillet-2013","status":"publish","type":"post","link":"http:\/\/ayitimizik.net\/index.php\/2013\/07\/01\/kay-mizik-la-programmation-juillet-2013\/","title":{"rendered":"Kay Mizik La programmation juillet 2013"},"content":{"rendered":"<p><img loading=\"lazy\" class=\"aligncenter size-full wp-image-877\" src=\"http:\/\/ayitimizik.net\/wp-content\/uploads\/2018\/08\/Logo_Kaymizikla_ok.jpg\" alt=\"\" width=\"1102\" height=\"336\" srcset=\"http:\/\/ayitimizik.net\/wp-content\/uploads\/2018\/08\/Logo_Kaymizikla_ok.jpg 1102w, http:\/\/ayitimizik.net\/wp-content\/uploads\/2018\/08\/Logo_Kaymizikla_ok-900x274.jpg 900w, http:\/\/ayitimizik.net\/wp-content\/uploads\/2018\/08\/Logo_Kaymizikla_ok-768x234.jpg 768w, http:\/\/ayitimizik.net\/wp-content\/uploads\/2018\/08\/Logo_Kaymizikla_ok-1024x312.jpg 1024w\" sizes=\"(max-width: 1102px) 100vw, 1102px\" \/><\/p>\n<p><strong>PROGRAMME JUILLET 2013<\/strong><\/p>\n<p>5 juillet\u00a0: rencontre avec Beethova Obas<\/p>\n<p>12 juillet\u00a0: cin\u00e9ma\u00a0\/ les grands p\u00e9l\u00e9rinages vodou<\/p>\n<p>date \u00e0 confirmer\u00a0: atelier chant traditionnel avec Georges Vilson<\/p>\n<p>mardi 30 juillet au samedi 3 ao\u00fbt\u00a0: camp musical d\u2019\u00e9t\u00e9 de Beauli\u00e8re Academy \u00e0 Saint Marc<\/p>\n<p>&nbsp;<\/p>\n<p><strong><u>VENDREDI 5 JUILLET\u00a0: RENCONTRE AVEC BEETHOVA OBAS<\/u><\/strong><\/p>\n<p><strong>Horaires<\/strong>: de 10ham \u00e0 12hpm<\/p>\n<p>Apparu sur la sc\u00e8ne musicale ha\u00eftienne au d\u00e9but des ann\u00e9es 90, Beethova Obas est imm\u00e9diatement consid\u00e9r\u00e9 comme un des auteurs-compositeurs les plus dou\u00e9s et les plus inspir\u00e9s de sa g\u00e9n\u00e9ration. Entre douleur des textes et sensualit\u00e9 des musiques, Beethova Obas cr\u00e9\u00e9 un blues mordant qui s\u00e9duit les publics des deux rives de l&rsquo;Atlantique.<\/p>\n<p><a href=\"http:\/\/www.rfimusique.com\/artiste\/musiques-monde\/beethova-obas\/biographie\">http:\/\/www.rfimusique.com\/artiste\/musiques-monde\/beethova-obas\/biographie<\/a><\/p>\n<p>&nbsp;<\/p>\n<p><strong><u>VENDREDI 12 JUILLET\u00a0: CINEMA\u00a0\/ LES GRANDS PELERINAGES VODOU<\/u><\/strong><\/p>\n<p><strong>Horaires<\/strong>: 3hpm<\/p>\n<p>A l\u2019occasion des grands p\u00e8lerinages vodou du mois de juillet, Kay Mizik La propose une journ\u00e9e de projection des documentaires de Jean-Fran\u00e7ois Chalut\u00a0: \u00ab\u00a0Saut d&rsquo;Eau, P\u00e8lerinage \u00e0 Notre Dame du Mont Carmel, Ville Bonheur, Ha\u00efti\u00a0\u00bb (10 min.) et \u00ab\u00a0Saint Jacques Ogou &#8211; mythe et r\u00e9alit\u00e9\u00a0\u00bb (28 min.) qui \u00e9voquent en toile de fond l\u2019ambiance musicale de ces \u00e9v\u00e9nements du patrimoine national.<\/p>\n<p>Dur\u00e9e totale\u00a0: 38 min.<\/p>\n<p>&nbsp;<\/p>\n<p><strong><u>ATELIER CHANT TRADITIONNEL AVEC<\/u><\/strong><strong><u>GEORGES VILSON<\/u><\/strong><\/p>\n<p>Georges Vilson est n\u00e9 \u00e0 Port-au-Prince. Il \u00e9migre aux \u00c9tats-Unis \u00e0 la fin des ann\u00e9es 70. Il obtient un baccalaur\u00e9at en interpr\u00e9tation musicale au City College de New York, puis une ma\u00eetrise en \u00e9ducation au Brooklyn College de New York. Il enseigne aujourd\u2019hui la musique chorale. Depuis plus de 10 ans, Georges Vilson recueille minutieusement des chants vodou. Il est actuellement le directeur ex\u00e9cutif de la Fondation Kandelab, dont la mission est de pr\u00e9server les traditions orales ha\u00eftiennes. Il vient de publier <em>Kandelab<\/em>, un recueil de 101 chansons traditionnelles<\/p>\n<p><em>Plus de renseignements dans les jours \u00e0 venir \u2013 <\/em><strong>Atelier r\u00e9alis\u00e9 en collaboration avec R\u00e9f-culture<\/strong><\/p>\n<p><em>\u00a0<\/em><\/p>\n<p><strong><u>DU MARDI 30 JUILLET AU SAMEDI 3 AOUT\u00a0: CAMP MUSICAL D\u2019ETE DE ST MARC <\/u><\/strong><\/p>\n<p>AYITI MIZIK est partenaire de Beauli\u00e8re Acad\u00e9mie de Musique pour le Camp musical d&rsquo;\u00e9t\u00e9 de Saint-Marc qui aura lieu du mardi 30 juillet au samedi 3 ao\u00fbt 2013.<\/p>\n<p>Le Camp comporte plusieurs ateliers :<\/p>\n<p>&#8211; bois<\/p>\n<p>&#8211; cuivre<\/p>\n<p>&#8211; cordes<\/p>\n<p>&#8211; batterie<\/p>\n<p>&#8211; voix<\/p>\n<p>&#8211; piano \/ keyboard<\/p>\n<p>&#8211; guitare<\/p>\n<p>&#8211; basse<\/p>\n<p>&#8211; studio enregistrement<\/p>\n<p>&#8211; wind ensemble<\/p>\n<p>&#8211; orchestre de Jazz<\/p>\n<p>&#8211; petits ensembles de Jazz<\/p>\n<p><strong>Une r\u00e9duction de 20% est accord\u00e9e aux membres d\u2019Ayiti Mizik \u00e0 jour de cotisation, soit 1600 HTG au lieu de 2000 HTG *** inscription \u00e0 KAY MIZIK LA ***<\/strong><\/p>\n<p>Plus de renseignements : Beauli\u00e8re Acad\u00e9mie de Musique<\/p>\n<p>Gospel Tabernacle de St-Marc\u00a0&#8211; Tel : 3611-6761\u00a0&#8211; Web : <a href=\"http:\/\/www.beauliereacademy.com\/\">http:\/\/www.beauliereacademy.com<\/a><\/p>\n<p><em>\u00a0<\/em><\/p>\n<p><strong><u>CONDITIONS GENERALES DE PARTICIPATION\u00a0<\/u><\/strong><u>:<\/u><\/p>\n<p><em>Les activit\u00e9s de KAY MIZIK LA s\u2019adressent aux professionnels de la musique. Elles sont gratuites pour les membres de l\u2019association AYITI MIZIK \u00e0 jour de cotisation pour l\u2019ann\u00e9e 2013-2014. L\u2019a<\/em><em>dh\u00e9sion \u00e0 l\u2019association\u00a0<\/em><em>AYITI MIZIK <\/em><em>co\u00fbte 1000 HTG pour l\u2019ann\u00e9e, et donne droit aux formations (sous r\u00e9serve de place disponible) et \u00e0 l\u2019ensemble des services offerts par <\/em><em>KAY MIZIK LA<\/em><em>\u00a0: conseil professionnel, acc\u00e8s \u00e0 la m\u00e9diath\u00e8que, conf\u00e9rence, table ronde, cin\u00e9ma, chita pale.<\/em><em>L\u2019a<\/em><em>dh\u00e9sion \u00e0 <\/em><em>KAY MIZIK LA <\/em><em>co\u00fbte<\/em><em>200 HTG pour <\/em><em>l\u2019ann\u00e9e<\/em><em>, et donne droit simplement aux services suivants\u00a0: <\/em><em>m\u00e9diath\u00e8que, conf\u00e9rence, table ronde, cin\u00e9ma, chita pale.<\/em><\/p>\n","protected":false},"excerpt":{"rendered":"<p>PROGRAMME JUILLET 2013 5 juillet\u00a0: rencontre avec Beethova Obas 12 juillet\u00a0: cin\u00e9ma\u00a0\/ les grands p\u00e9l\u00e9rinages vodou date \u00e0 confirmer\u00a0: atelier chant traditionnel avec Georges Vilson mardi 30 juillet au samedi 3 ao\u00fbt\u00a0: camp musical d\u2019\u00e9t\u00e9 de Beauli\u00e8re Academy \u00e0 Saint &hellip; <a href=\"http:\/\/ayitimizik.net\/index.php\/2013\/07\/01\/kay-mizik-la-programmation-juillet-2013\/\">Continuer la lecture <span class=\"meta-nav\">&rarr;<\/span><\/a><\/p>\n","protected":false},"author":2,"featured_media":0,"comment_status":"closed","ping_status":"closed","sticky":false,"template":"","format":"standard","meta":[],"categories":[14,13],"tags":[],"_links":{"self":[{"href":"http:\/\/ayitimizik.net\/index.php\/wp-json\/wp\/v2\/posts\/1056"}],"collection":[{"href":"http:\/\/ayitimizik.net\/index.php\/wp-json\/wp\/v2\/posts"}],"about":[{"href":"http:\/\/ayitimizik.net\/index.php\/wp-json\/wp\/v2\/types\/post"}],"author":[{"embeddable":true,"href":"http:\/\/ayitimizik.net\/index.php\/wp-json\/wp\/v2\/users\/2"}],"replies":[{"embeddable":true,"href":"http:\/\/ayitimizik.net\/index.php\/wp-json\/wp\/v2\/comments?post=1056"}],"version-history":[{"count":1,"href":"http:\/\/ayitimizik.net\/index.php\/wp-json\/wp\/v2\/posts\/1056\/revisions"}],"predecessor-version":[{"id":1057,"href":"http:\/\/ayitimizik.net\/index.php\/wp-json\/wp\/v2\/posts\/1056\/revisions\/1057"}],"wp:attachment":[{"href":"http:\/\/ayitimizik.net\/index.php\/wp-json\/wp\/v2\/media?parent=1056"}],"wp:term":[{"taxonomy":"category","embeddable":true,"href":"http:\/\/ayitimizik.net\/index.php\/wp-json\/wp\/v2\/categories?post=1056"},{"taxonomy":"post_tag","embeddable":true,"href":"http:\/\/ayitimizik.net\/index.php\/wp-json\/wp\/v2\/tags?post=1056"}],"curies":[{"name":"wp","href":"https:\/\/api.w.org\/{rel}","templated":true}]}}