{"id":1048,"date":"2013-05-01T18:26:01","date_gmt":"2013-05-01T16:26:01","guid":{"rendered":"http:\/\/ayitimizik.net\/?p=1048"},"modified":"2018-09-01T18:46:20","modified_gmt":"2018-09-01T16:46:20","slug":"kay-mizik-la-programmation-mai-2013","status":"publish","type":"post","link":"http:\/\/ayitimizik.net\/index.php\/2013\/05\/01\/kay-mizik-la-programmation-mai-2013\/","title":{"rendered":"Kay Mizik La programmation mai 2013"},"content":{"rendered":"<p><img loading=\"lazy\" class=\"aligncenter size-full wp-image-877\" src=\"http:\/\/ayitimizik.net\/wp-content\/uploads\/2018\/08\/Logo_Kaymizikla_ok.jpg\" alt=\"\" width=\"1102\" height=\"336\" srcset=\"http:\/\/ayitimizik.net\/wp-content\/uploads\/2018\/08\/Logo_Kaymizikla_ok.jpg 1102w, http:\/\/ayitimizik.net\/wp-content\/uploads\/2018\/08\/Logo_Kaymizikla_ok-900x274.jpg 900w, http:\/\/ayitimizik.net\/wp-content\/uploads\/2018\/08\/Logo_Kaymizikla_ok-768x234.jpg 768w, http:\/\/ayitimizik.net\/wp-content\/uploads\/2018\/08\/Logo_Kaymizikla_ok-1024x312.jpg 1024w\" sizes=\"(max-width: 1102px) 100vw, 1102px\" \/><\/p>\n<p><strong>PROGRAMME MAI 2013<\/strong><\/p>\n<p>3 mai: atelier voix avec Emilia Diaz Chavez<\/p>\n<p>17 mai: atelier DJing et house music avec Gardy Girault<\/p>\n<p>27 mai\u00a0: rencontre avec Boukman Eksperyans<\/p>\n<p>&nbsp;<\/p>\n<p><strong><u>Vendredi 3 mai\u00a0: ATELIER VOIX AVEC EMILIA DIAZ CHAVEZ<\/u><\/strong><\/p>\n<p><strong>Horaires: de 9h30am \u00e0 1h30pm<\/strong><\/p>\n<p>L\u2019atelier portera les techniques de base du chant.<\/p>\n<p><strong>Intervenant\u00a0: Emilia Diaz Chavez<\/strong><\/p>\n<p>Cubaine d\u2019origine ha\u00eftienne, Emilia D\u00edaz Ch\u00e1vez a \u00e9tudi\u00e9 la direction chorale \u00e0 l&rsquo;Ecole Nationale des Arts de La Havane et l&rsquo;enseignement musical dans la province de Camag\u00fcey, o\u00f9 elle r\u00e9side.Elle dirige le Choeur professionnel de Camag\u00fcey depuis plus de trente ans. Directrice du groupe vocal Desandann (\u00e9galement connu sous le nom de Creole Choir of Cuba), elle a parcouru le monde entier des Etats-Unis \u00e0 l&rsquo;Australie, en passant par l&rsquo;Europe, les Emirats Arabes et Singapour, pour faire conna\u00eetre la musique ha\u00eftienne.<\/p>\n<p><em>Cette formation a lieu en partenariat avec le projet Vwa Lye de l\u2019association Tamise, support\u00e9 par le programme Arcades.<\/em><\/p>\n<p><strong>Nombre de places<\/strong>\u00a0: <em>15 places <strong>r\u00e9serv\u00e9es prioritairement aux chanteurs <\/strong>sur inscription obligatoire au bureau de Kay Mizik la (ou par t\u00e9l\u00e9phone ou email pour les membres Ayiti Mizik\u00a0 \u00e0 jour de cotisation)<\/em><\/p>\n<p>&nbsp;<\/p>\n<p><strong><u>Vendredi 17 mai : ATELIER DJING ET HOUSE MUSIC AVEC GARDY GIRAULT<\/u><\/strong><\/p>\n<p><strong>Horaires: de 10ham \u00e0 2hpm<\/strong><\/p>\n<p>L\u2019atelier \u00e9voquera de nombreux aspects du DJing et de la House Music, parmi lesquels l\u2019histoire et l\u2019actualit\u00e9 du genre, les standards internationaux, sa fonction \u00e9ducative et son rapport aux nouvelles technologies<\/p>\n<p><strong>Intervenant\u00a0: Gardy Girault<\/strong><\/p>\n<p>Gardy Girault est DJ et producteur. Il mixe des styles de musique diff\u00e9rents depuis le rara tech \u00e0 la musique exp\u00e9rimentale en passant par l\u2019afro deep, les rythmes vodou, le konpa tech, la house music, etc. Il est propri\u00e9taire du label Ri Zing Muzik.<\/p>\n<p><strong>Nombre de places<\/strong>\u00a0: <em>20 places sur inscription obligatoire au bureau de Kay Mizik la (ou par t\u00e9l\u00e9phone ou email pour les membres Ayiti Mizik\u00a0 \u00e0 jour de cotisation)<\/em><\/p>\n<p>&nbsp;<\/p>\n<p><strong><u>Lundi 27 mai : RENCONTRE AVEC BOUKMAN EKSPERYANS<\/u><\/strong><\/p>\n<p><strong>Horaires: de 3hpm \u00e0 5hpm<\/strong><\/p>\n<p>Th\u00e9odore Beaubrun Junior, Lolo, et Mimerose Beaubrun, Manz\u00e8, seront pr\u00e9sents \u00e0 Kay Mizik La pour parler de leur exp\u00e9rience dans le monde de la musique en Ha\u00efti et \u00e0 l\u2019\u00e9tranger. Groupe phare du mouvement <em>rasin<\/em>, depuis plus de trente ans, Boukman Eksperyans accumule les succ\u00e8s tout en multipliant les recherches dans la fusion\u00a0avec les musiques traditionnelles ha\u00eftiennes\u00a0: rock, reggae, funk, ou plus r\u00e9cemment troubadour-rasin, rap ou encore techno.<\/p>\n<p><em>Ouvert \u00e0 tous les adh\u00e9rents de Kay Mizik La et Ayiti Mizik dans la limite des places disponibles<\/em><\/p>\n<p>&nbsp;<\/p>\n<p><strong><u>CONDITIONS GENERALES DE PARTICIPATION\u00a0<\/u><\/strong><u>:<\/u><\/p>\n<p><em>Les activit\u00e9s de KAY MIZIK LA s\u2019adressent aux professionnels de la musique. Elles sont gratuites pour les membres de l\u2019association AYITI MIZIK \u00e0 jour de cotisation pour l\u2019ann\u00e9e 2012-2013. L\u2019a<\/em><em>dh\u00e9sion \u00e0 l\u2019association\u00a0<\/em><em>AYITI MIZIK <\/em><em>co\u00fbte 1000 HTG pour l\u2019ann\u00e9e, et donne droit aux formations (sous r\u00e9serve de place disponible) et \u00e0 l\u2019ensemble des services offerts par <\/em><em>KAY MIZIK LA<\/em><em>\u00a0: conseil professionnel, acc\u00e8s \u00e0 la m\u00e9diath\u00e8que, conf\u00e9rence, table ronde, cin\u00e9ma, chita pale.<\/em><em>L\u2019a<\/em><em>dh\u00e9sion \u00e0 <\/em><em>KAY MIZIK LA <\/em><em>co\u00fbte<\/em><em>200 HTG pour <\/em><em>l\u2019ann\u00e9e<\/em><em>, et donne droit simplement aux services suivants\u00a0: <\/em><em>m\u00e9diath\u00e8que, conf\u00e9rence, table ronde, cin\u00e9ma, chita pale.<\/em><\/p>\n","protected":false},"excerpt":{"rendered":"<p>PROGRAMME MAI 2013 3 mai: atelier voix avec Emilia Diaz Chavez 17 mai: atelier DJing et house music avec Gardy Girault 27 mai\u00a0: rencontre avec Boukman Eksperyans &nbsp; Vendredi 3 mai\u00a0: ATELIER VOIX AVEC EMILIA DIAZ CHAVEZ Horaires: de 9h30am &hellip; <a href=\"http:\/\/ayitimizik.net\/index.php\/2013\/05\/01\/kay-mizik-la-programmation-mai-2013\/\">Continuer la lecture <span class=\"meta-nav\">&rarr;<\/span><\/a><\/p>\n","protected":false},"author":2,"featured_media":0,"comment_status":"closed","ping_status":"closed","sticky":false,"template":"","format":"standard","meta":[],"categories":[14,13],"tags":[],"_links":{"self":[{"href":"http:\/\/ayitimizik.net\/index.php\/wp-json\/wp\/v2\/posts\/1048"}],"collection":[{"href":"http:\/\/ayitimizik.net\/index.php\/wp-json\/wp\/v2\/posts"}],"about":[{"href":"http:\/\/ayitimizik.net\/index.php\/wp-json\/wp\/v2\/types\/post"}],"author":[{"embeddable":true,"href":"http:\/\/ayitimizik.net\/index.php\/wp-json\/wp\/v2\/users\/2"}],"replies":[{"embeddable":true,"href":"http:\/\/ayitimizik.net\/index.php\/wp-json\/wp\/v2\/comments?post=1048"}],"version-history":[{"count":5,"href":"http:\/\/ayitimizik.net\/index.php\/wp-json\/wp\/v2\/posts\/1048\/revisions"}],"predecessor-version":[{"id":1060,"href":"http:\/\/ayitimizik.net\/index.php\/wp-json\/wp\/v2\/posts\/1048\/revisions\/1060"}],"wp:attachment":[{"href":"http:\/\/ayitimizik.net\/index.php\/wp-json\/wp\/v2\/media?parent=1048"}],"wp:term":[{"taxonomy":"category","embeddable":true,"href":"http:\/\/ayitimizik.net\/index.php\/wp-json\/wp\/v2\/categories?post=1048"},{"taxonomy":"post_tag","embeddable":true,"href":"http:\/\/ayitimizik.net\/index.php\/wp-json\/wp\/v2\/tags?post=1048"}],"curies":[{"name":"wp","href":"https:\/\/api.w.org\/{rel}","templated":true}]}}