{"id":1045,"date":"2013-04-01T18:22:16","date_gmt":"2013-04-01T16:22:16","guid":{"rendered":"http:\/\/ayitimizik.net\/?p=1045"},"modified":"2018-09-01T18:28:22","modified_gmt":"2018-09-01T16:28:22","slug":"kay-mizik-la-programmation-avril-2013","status":"publish","type":"post","link":"http:\/\/ayitimizik.net\/index.php\/2013\/04\/01\/kay-mizik-la-programmation-avril-2013\/","title":{"rendered":"Kay Mizik La programmation avril 2013"},"content":{"rendered":"<p><img loading=\"lazy\" class=\"aligncenter size-medium wp-image-877\" src=\"http:\/\/ayitimizik.net\/wp-content\/uploads\/2018\/08\/Logo_Kaymizikla_ok-900x274.jpg\" alt=\"\" width=\"900\" height=\"274\" srcset=\"http:\/\/ayitimizik.net\/wp-content\/uploads\/2018\/08\/Logo_Kaymizikla_ok-900x274.jpg 900w, http:\/\/ayitimizik.net\/wp-content\/uploads\/2018\/08\/Logo_Kaymizikla_ok-768x234.jpg 768w, http:\/\/ayitimizik.net\/wp-content\/uploads\/2018\/08\/Logo_Kaymizikla_ok-1024x312.jpg 1024w, http:\/\/ayitimizik.net\/wp-content\/uploads\/2018\/08\/Logo_Kaymizikla_ok.jpg 1102w\" sizes=\"(max-width: 900px) 100vw, 900px\" \/><\/p>\n<p><strong>PROGRAMME AVRIL 2013<\/strong><\/p>\n<p>12 avril\u00a0: atelier promotion avec H. David Philippe-Auguste<\/p>\n<p>23 avril\u00a0: atelier promotion avec Harry Luc<\/p>\n<p>30 avril\u00a0: Journ\u00e9e Internationale du Jazz<\/p>\n<p>Dans le souci de r\u00e9pondre aux pr\u00e9occupations \u00e9nonc\u00e9es par les professionnels lors de la table-ronde du 11 janvier pass\u00e9, KAY MIZIK LA propose ce mois-ci une s\u00e9rie de deux ateliers autour de la promotion de l\u2019artiste.<\/p>\n<p>&nbsp;<\/p>\n<p><strong><u>Vendredi 12 avril\u00a0: ATELIER PROMOTION AVEC H. DAVID PHILIPPE-AUGUSTE<\/u><\/strong><\/p>\n<p><strong>Horaires: de 10ham \u00e0 2hpm<\/strong><\/p>\n<p>L\u2019atelier portera sur trois aspects de la promotion de l\u2019artiste\u00a0: l\u2019agent, le porte-parole et l\u2019artiste lui-m\u00eame.<\/p>\n<p><strong>Intervenant\u00a0: H. David Philippe-Auguste<\/strong><\/p>\n<p>Fils et petit-fils de peintre, H.David Philippe-Auguste a grandi dans l\u2019entourage\u00a0de musiciens pratiquant la musique classique. Il a fait ses\u00a0d\u00e9buts\u00a0dans le monde de la musique comme organisateur d\u2019\u00e9v\u00e9nements\u00a0r\u00e9cr\u00e9atifs estudiantins, puis de mini-festivals avec \u00ab\u00a0Faya Entertainment\u00a0\u00bb et en promouvant les musiciens des nouvelles tendances de musiques urbaines de\u00a0l\u2019\u00e9poque\u00a0(HipHop\/ Dancehall\/ R&amp;B), notamment FullBass. Il est actuellement le manager de Miu.<\/p>\n<p>&nbsp;<\/p>\n<p><strong><u>Mardi 23 avril\u00a0: ATELIER PROMOTION AVEC HARRY LUC<\/u><\/strong><\/p>\n<p><strong>Horaires: de 10ham \u00e0 2hpm<\/strong><\/p>\n<p>L\u2019atelier portera sur les rapports entre l\u2019artiste et son manager, et sur les nouvelles formes de promotion\u00a0: radio, r\u00e9seaux sociaux et distribution au niveau national.<\/p>\n<p><strong>Intervenant\u00a0: Harry Luc<\/strong><\/p>\n<p>Economiste de formation, PDG de Handzup Group depuis 4 ans, actuel manager de B\u00e9lo, Harry Luc est \u00e9galement un cr\u00e9ateur d\u2019\u00e9v\u00e9nements socioculturels majeurs. Le succ\u00e8s sans cesse renouvel\u00e9 de \u00ab\u00a0Festival Mizik\u00a0\u00bb de Saint-Marc, \u00ab\u00a0Festival Vilaj la\u00a0\u00bb de la Croix-des-Bouquets et de la \u00abCaravane Francophone \u00bb, organis\u00e9e sur tout le territoire national depuis 2012, en t\u00e9moigne.<\/p>\n<p><strong>Nombre de places<\/strong>\u00a0: <em>20 places sur inscription obligatoire au bureau de Kay Mizik la (ou par t\u00e9l\u00e9phone ou email pour les membres Ayiti Mizik\u00a0 \u00e0 jour de cotisation)<\/em><\/p>\n<p>&nbsp;<\/p>\n<p><strong><u>Mardi 30 avril : JOURNEE INTERNATIONALE DU JAZZ<\/u><\/strong><\/p>\n<p>Cin\u00e9ma, concert jam sessions\u00a0: plus d\u2019informations dans les jours \u00e0 venir \u2026<\/p>\n<p>&nbsp;<\/p>\n<p><strong><u>CONDITIONS GENERALES DE PARTICIPATION\u00a0<\/u><\/strong><u>:<\/u><\/p>\n<p><em>Les activit\u00e9s de KAY MIZIK LA s\u2019adressent aux professionnels de la musique. Elles sont gratuites pour les membres de l\u2019association AYITI MIZIK \u00e0 jour de cotisation pour l\u2019ann\u00e9e 2012-2013. L\u2019a<\/em><em>dh\u00e9sion \u00e0 l\u2019association\u00a0<\/em><em>AYITI MIZIK <\/em><em>co\u00fbte 1000 HTG pour l\u2019ann\u00e9e, et donne droit aux formations (sous r\u00e9serve de place disponible) et \u00e0 l\u2019ensemble des services offerts par <\/em><em>KAY MIZIK LA<\/em><em>\u00a0: conseil professionnel, acc\u00e8s \u00e0 la m\u00e9diath\u00e8que, conf\u00e9rence, table ronde, cin\u00e9ma, chita pale.<\/em><em>L\u2019a<\/em><em>dh\u00e9sion \u00e0 <\/em><em>KAY MIZIK LA <\/em><em>co\u00fbte<\/em><em>200 HTG pour <\/em><em>l\u2019ann\u00e9e<\/em><em>, et donne droit simplement aux services suivants\u00a0: <\/em><em>m\u00e9diath\u00e8que, conf\u00e9rence, table ronde, cin\u00e9ma, chita pale.<\/em><\/p>\n","protected":false},"excerpt":{"rendered":"<p>PROGRAMME AVRIL 2013 12 avril\u00a0: atelier promotion avec H. David Philippe-Auguste 23 avril\u00a0: atelier promotion avec Harry Luc 30 avril\u00a0: Journ\u00e9e Internationale du Jazz Dans le souci de r\u00e9pondre aux pr\u00e9occupations \u00e9nonc\u00e9es par les professionnels lors de la table-ronde du &hellip; <a href=\"http:\/\/ayitimizik.net\/index.php\/2013\/04\/01\/kay-mizik-la-programmation-avril-2013\/\">Continuer la lecture <span class=\"meta-nav\">&rarr;<\/span><\/a><\/p>\n","protected":false},"author":2,"featured_media":0,"comment_status":"closed","ping_status":"closed","sticky":false,"template":"","format":"standard","meta":[],"categories":[14,13],"tags":[],"_links":{"self":[{"href":"http:\/\/ayitimizik.net\/index.php\/wp-json\/wp\/v2\/posts\/1045"}],"collection":[{"href":"http:\/\/ayitimizik.net\/index.php\/wp-json\/wp\/v2\/posts"}],"about":[{"href":"http:\/\/ayitimizik.net\/index.php\/wp-json\/wp\/v2\/types\/post"}],"author":[{"embeddable":true,"href":"http:\/\/ayitimizik.net\/index.php\/wp-json\/wp\/v2\/users\/2"}],"replies":[{"embeddable":true,"href":"http:\/\/ayitimizik.net\/index.php\/wp-json\/wp\/v2\/comments?post=1045"}],"version-history":[{"count":2,"href":"http:\/\/ayitimizik.net\/index.php\/wp-json\/wp\/v2\/posts\/1045\/revisions"}],"predecessor-version":[{"id":1047,"href":"http:\/\/ayitimizik.net\/index.php\/wp-json\/wp\/v2\/posts\/1045\/revisions\/1047"}],"wp:attachment":[{"href":"http:\/\/ayitimizik.net\/index.php\/wp-json\/wp\/v2\/media?parent=1045"}],"wp:term":[{"taxonomy":"category","embeddable":true,"href":"http:\/\/ayitimizik.net\/index.php\/wp-json\/wp\/v2\/categories?post=1045"},{"taxonomy":"post_tag","embeddable":true,"href":"http:\/\/ayitimizik.net\/index.php\/wp-json\/wp\/v2\/tags?post=1045"}],"curies":[{"name":"wp","href":"https:\/\/api.w.org\/{rel}","templated":true}]}}