{"id":1034,"date":"2013-03-01T23:40:27","date_gmt":"2013-03-01T22:40:27","guid":{"rendered":"http:\/\/ayitimizik.net\/?p=1034"},"modified":"2018-08-29T23:45:40","modified_gmt":"2018-08-29T21:45:40","slug":"kay-mizik-la-programmation-mars-2013","status":"publish","type":"post","link":"http:\/\/ayitimizik.net\/index.php\/2013\/03\/01\/kay-mizik-la-programmation-mars-2013\/","title":{"rendered":"Kay Mizik La programmation mars 2013"},"content":{"rendered":"<p><img loading=\"lazy\" class=\"aligncenter size-medium wp-image-877\" src=\"http:\/\/ayitimizik.net\/wp-content\/uploads\/2018\/08\/Logo_Kaymizikla_ok-900x274.jpg\" alt=\"\" width=\"900\" height=\"274\" srcset=\"http:\/\/ayitimizik.net\/wp-content\/uploads\/2018\/08\/Logo_Kaymizikla_ok-900x274.jpg 900w, http:\/\/ayitimizik.net\/wp-content\/uploads\/2018\/08\/Logo_Kaymizikla_ok-768x234.jpg 768w, http:\/\/ayitimizik.net\/wp-content\/uploads\/2018\/08\/Logo_Kaymizikla_ok-1024x312.jpg 1024w, http:\/\/ayitimizik.net\/wp-content\/uploads\/2018\/08\/Logo_Kaymizikla_ok.jpg 1102w\" sizes=\"(max-width: 900px) 100vw, 900px\" \/><\/p>\n<p><strong>PROGRAMMATION MARS 2013<\/strong><\/p>\n<p><strong><u>ATELIER GUITARE AVEC ALEX JACQUEMIN<\/u><\/strong><\/p>\n<p><strong>Horaires<\/strong>: 9hAM-12hPM<\/p>\n<p><strong>Intervenant\u00a0: Alex Jacquemin<\/strong><\/p>\n<p><strong>Nombre de places<\/strong>\u00a0: <em>12 places sur inscription obligatoire au bureau de Kay Mizik la (ou par t\u00e9l\u00e9phone ou email pour les membres Ayiti Mizik\u00a0 \u00e0 jour de cotisation)<\/em><\/p>\n<p><em>\u00a0<\/em><\/p>\n<p><strong><u>RAPPEL\u00a0: Lundi \/ mercredi\u00a0: COURS DE SOLFEGE<\/u><\/strong><\/p>\n<p><strong>Horaires\u00a0: <\/strong><\/p>\n<p><strong>Lundi de 3hPM \u00e0 4h30PM<\/strong><\/p>\n<p><strong>Mercredi de 3hPM \u00e0 4h30PM<\/strong><\/p>\n<p><strong>Programme<\/strong>\u00a0: Lire et \u00e9crire la musique \u2013 accords de base \u2013 principales figures rythmiques<\/p>\n<p>&nbsp;<\/p>\n<p><strong><u>CONDITIONS GENERALES DE PARTICIPATION\u00a0<\/u><\/strong><u>:<\/u><\/p>\n<p><em>Les activit\u00e9s de KAY MIZIK LA s\u2019adressent aux professionnels de la musique. Elles sont gratuites pour les membres de l\u2019association AYITI MIZIK \u00e0 jour de cotisation pour l\u2019ann\u00e9e 2012-2013. L\u2019a<\/em><em>dh\u00e9sion \u00e0 l\u2019association\u00a0<\/em><em>AYITI MIZIK <\/em><em>co\u00fbte 1000 HTG pour l\u2019ann\u00e9e, et donne droit aux formations (sous r\u00e9serve de place disponible) et \u00e0 l\u2019ensemble des services offerts par <\/em><em>KAY MIZIK LA<\/em><em>\u00a0: conseil professionnel, acc\u00e8s \u00e0 la m\u00e9diath\u00e8que, conf\u00e9rence, table ronde, cin\u00e9ma, chita pale.<\/em><em>L\u2019a<\/em><em>dh\u00e9sion \u00e0 <\/em><em>KAY MIZIK LA <\/em><em>co\u00fbte<\/em><em>200 HTG pour <\/em><em>l\u2019ann\u00e9e<\/em><em>, et donne droit simplement aux services suivants\u00a0: <\/em><em>m\u00e9diath\u00e8que, conf\u00e9rence, table ronde, cin\u00e9ma, chita pale.<\/em><\/p>\n","protected":false},"excerpt":{"rendered":"<p>PROGRAMMATION MARS 2013 ATELIER GUITARE AVEC ALEX JACQUEMIN Horaires: 9hAM-12hPM Intervenant\u00a0: Alex Jacquemin Nombre de places\u00a0: 12 places sur inscription obligatoire au bureau de Kay Mizik la (ou par t\u00e9l\u00e9phone ou email pour les membres Ayiti Mizik\u00a0 \u00e0 jour de &hellip; <a href=\"http:\/\/ayitimizik.net\/index.php\/2013\/03\/01\/kay-mizik-la-programmation-mars-2013\/\">Continuer la lecture <span class=\"meta-nav\">&rarr;<\/span><\/a><\/p>\n","protected":false},"author":2,"featured_media":0,"comment_status":"closed","ping_status":"closed","sticky":false,"template":"","format":"standard","meta":[],"categories":[14,13],"tags":[],"_links":{"self":[{"href":"http:\/\/ayitimizik.net\/index.php\/wp-json\/wp\/v2\/posts\/1034"}],"collection":[{"href":"http:\/\/ayitimizik.net\/index.php\/wp-json\/wp\/v2\/posts"}],"about":[{"href":"http:\/\/ayitimizik.net\/index.php\/wp-json\/wp\/v2\/types\/post"}],"author":[{"embeddable":true,"href":"http:\/\/ayitimizik.net\/index.php\/wp-json\/wp\/v2\/users\/2"}],"replies":[{"embeddable":true,"href":"http:\/\/ayitimizik.net\/index.php\/wp-json\/wp\/v2\/comments?post=1034"}],"version-history":[{"count":2,"href":"http:\/\/ayitimizik.net\/index.php\/wp-json\/wp\/v2\/posts\/1034\/revisions"}],"predecessor-version":[{"id":1037,"href":"http:\/\/ayitimizik.net\/index.php\/wp-json\/wp\/v2\/posts\/1034\/revisions\/1037"}],"wp:attachment":[{"href":"http:\/\/ayitimizik.net\/index.php\/wp-json\/wp\/v2\/media?parent=1034"}],"wp:term":[{"taxonomy":"category","embeddable":true,"href":"http:\/\/ayitimizik.net\/index.php\/wp-json\/wp\/v2\/categories?post=1034"},{"taxonomy":"post_tag","embeddable":true,"href":"http:\/\/ayitimizik.net\/index.php\/wp-json\/wp\/v2\/tags?post=1034"}],"curies":[{"name":"wp","href":"https:\/\/api.w.org\/{rel}","templated":true}]}}