{"id":1028,"date":"2013-01-11T23:00:23","date_gmt":"2013-01-11T22:00:23","guid":{"rendered":"http:\/\/ayitimizik.net\/?p=1028"},"modified":"2018-12-25T15:51:13","modified_gmt":"2018-12-25T14:51:13","slug":"table-ronde-quel-avenir-pour-la-musique-haitienne","status":"publish","type":"post","link":"http:\/\/ayitimizik.net\/index.php\/2013\/01\/11\/table-ronde-quel-avenir-pour-la-musique-haitienne\/","title":{"rendered":"TABLE RONDE : Quel avenir pour la musique ha\u00eftienne ?"},"content":{"rendered":"<p><img loading=\"lazy\" class=\"wp-image-903 alignleft\" src=\"http:\/\/ayitimizik.net\/wp-content\/uploads\/2018\/08\/Ayiti-Mizik-787x423.jpg\" alt=\"\" width=\"250\" height=\"138\" \/><img loading=\"lazy\" class=\"wp-image-877 alignleft\" src=\"http:\/\/ayitimizik.net\/wp-content\/uploads\/2018\/08\/Logo_Kaymizikla_ok-900x274.jpg\" alt=\"\" width=\"250\" height=\"82\" \/><\/p>\n<p><strong>SYNTHESE DE LA TABLE RONDE DU VENDREDI 11 JANVIER 2013<\/strong><\/p>\n<p>QUEL AVENIR POUR LA MUSIQUE HAITIENNE<\/p>\n<p>Une semaine apr\u00e8s l\u2019\u00e9v\u00e9nement, 4 ateliers ont rendu leur rapport\u00a0: jazz \/ musique classique (JMC), rap \/ musique urbaine (RMU), chanson \/ artistes solo (CAS), <em>mizik rasin <\/em>\/ musique traditionnelle et troubadours (MRT).<\/p>\n<p>Le fait que les ateliers n\u2019aient pas tous suivi le m\u00eame canevas rend la synth\u00e8se difficile, d\u2019autant plus que l\u2019exercice tendait davantage \u00e0 mettre en \u00e9vidence les sp\u00e9cificit\u00e9s de chaque sous-secteur plut\u00f4t que les points communs.<\/p>\n<p>De grands points ont \u00e9t\u00e9 retenus.<\/p>\n<div id=\"attachment_1288\" style=\"width: 955px\" class=\"wp-caption aligncenter\"><img aria-describedby=\"caption-attachment-1288\" loading=\"lazy\" class=\"wp-image-1288 size-full\" src=\"http:\/\/ayitimizik.net\/wp-content\/uploads\/2013\/01\/table-ronde-avenir.jpg\" alt=\"\" width=\"945\" height=\"534\" srcset=\"http:\/\/ayitimizik.net\/wp-content\/uploads\/2013\/01\/table-ronde-avenir.jpg 945w, http:\/\/ayitimizik.net\/wp-content\/uploads\/2013\/01\/table-ronde-avenir-749x423.jpg 749w, http:\/\/ayitimizik.net\/wp-content\/uploads\/2013\/01\/table-ronde-avenir-768x434.jpg 768w, http:\/\/ayitimizik.net\/wp-content\/uploads\/2013\/01\/table-ronde-avenir-500x283.jpg 500w\" sizes=\"(max-width: 945px) 100vw, 945px\" \/><p id=\"caption-attachment-1288\" class=\"wp-caption-text\">Fran\u00e7ois Fortun\u00e9, Mimerose Beaubrun, Raoul Denis Jr et Murielle Augustin<\/p><\/div>\n<p><strong>Probl\u00e8mes majeurs rencontr\u00e9s<\/strong><\/p>\n<p>JMC\u00a0:<\/p>\n<ul>\n<li>manque d\u2019\u00e9cole de musique et mauvaise qualit\u00e9 de l\u2019enseignement<\/li>\n<li>manque de diffusion de ces musiques dans les medias<\/li>\n<\/ul>\n<p>RMU\u00a0:<\/p>\n<ul>\n<li>mauvaise qualit\u00e9 des productions<\/li>\n<li>faiblesse des moyens de distribution<\/li>\n<li>manque d\u2019accompagnement des d\u00e9butants<\/li>\n<li>manque d\u2019infrastructures ad\u00e9quates<\/li>\n<li>manque de formation des acteurs du secteur<\/li>\n<\/ul>\n<p>CAS\u00a0:<\/p>\n<ul>\n<li>manque d\u2019infrastructures ad\u00e9quates<\/li>\n<li>manque de points de vente CD<\/li>\n<li>paiement des animateurs radio<\/li>\n<\/ul>\n<p>MRT\u00a0:<\/p>\n<ul>\n<li>absence de valorisation de ces musiques par l\u2019Etat, la soci\u00e9t\u00e9 et les m\u00e9dias<\/li>\n<li>faiblesse \u00e9conomique<\/li>\n<\/ul>\n<p><strong>Forces \/ exemples de r\u00e9ussite<\/strong><\/p>\n<p>JMC<\/p>\n<p>RMU\u00a0:<\/p>\n<ul>\n<li>public jeune<\/li>\n<\/ul>\n<p>CAS<\/p>\n<p>MRT\u00a0:<\/p>\n<ul>\n<li>importance et valeur de la tradition<\/li>\n<li>reconnaissance internationale<\/li>\n<\/ul>\n<p><strong>Propositions des acteurs<\/strong><\/p>\n<p>JMC\u00a0:<\/p>\n<ul>\n<li>am\u00e9lioration de la promotion et marketing<\/li>\n<li>organisation de jam sessions<\/li>\n<li>constitution d\u2019une base de donn\u00e9es<\/li>\n<\/ul>\n<p>RMU<\/p>\n<p>CAS\u00a0:<\/p>\n<ul>\n<li>r\u00e9union en association<\/li>\n<li><\/li>\n<\/ul>\n<p>MRT\u00a0:<\/p>\n<ul>\n<li>recherches<\/li>\n<li>actions propres de promotion et valorisation<\/li>\n<li>renforcement des aspects administratifs<\/li>\n<\/ul>\n<p><strong>Recommandations \u00e0 l\u2019Etat<\/strong><\/p>\n<p>JMC\u00a0:<\/p>\n<ul>\n<li>introduction de l\u2019enseignement musical \u00e0 l\u2019\u00e9cole<\/li>\n<li>subvention des \u00e9missions de radio \u00e0 caract\u00e8re \u00e9ducatif<\/li>\n<\/ul>\n<p>RMU<\/p>\n<p>CAS\u00a0:<\/p>\n<ul>\n<li>cr\u00e9ation d\u2019\u00e9coles de musique<\/li>\n<li>introduction de l\u2019enseignement musical \u00e0 l\u2019\u00e9cole<\/li>\n<li>respect des droits d\u2019auteur<\/li>\n<li>concertation avec le secteur<\/li>\n<li>imposition de quotas de musiques ha\u00eftiennes dans les medias<\/li>\n<\/ul>\n<p>MRT\u00a0:<\/p>\n<ul>\n<li>introduction des musiques traditionnelles \u00e0 l\u2019\u00e9cole \/ dans les \u00e9coles de musique<\/li>\n<li>accompagnement sp\u00e9cifique du secteur (cr\u00e9ation \/ formation entrepreneuriale)<\/li>\n<li>imposition de quotas de musiques ha\u00eftiennes dans les medias<\/li>\n<li>protection des droits d\u2019auteur<\/li>\n<\/ul>\n","protected":false},"excerpt":{"rendered":"<p>SYNTHESE DE LA TABLE RONDE DU VENDREDI 11 JANVIER 2013 QUEL AVENIR POUR LA MUSIQUE HAITIENNE Une semaine apr\u00e8s l\u2019\u00e9v\u00e9nement, 4 ateliers ont rendu leur rapport\u00a0: jazz \/ musique classique (JMC), rap \/ musique urbaine (RMU), chanson \/ artistes solo &hellip; <a href=\"http:\/\/ayitimizik.net\/index.php\/2013\/01\/11\/table-ronde-quel-avenir-pour-la-musique-haitienne\/\">Continuer la lecture <span class=\"meta-nav\">&rarr;<\/span><\/a><\/p>\n","protected":false},"author":2,"featured_media":0,"comment_status":"closed","ping_status":"closed","sticky":false,"template":"","format":"standard","meta":[],"categories":[14,13,10],"tags":[],"_links":{"self":[{"href":"http:\/\/ayitimizik.net\/index.php\/wp-json\/wp\/v2\/posts\/1028"}],"collection":[{"href":"http:\/\/ayitimizik.net\/index.php\/wp-json\/wp\/v2\/posts"}],"about":[{"href":"http:\/\/ayitimizik.net\/index.php\/wp-json\/wp\/v2\/types\/post"}],"author":[{"embeddable":true,"href":"http:\/\/ayitimizik.net\/index.php\/wp-json\/wp\/v2\/users\/2"}],"replies":[{"embeddable":true,"href":"http:\/\/ayitimizik.net\/index.php\/wp-json\/wp\/v2\/comments?post=1028"}],"version-history":[{"count":3,"href":"http:\/\/ayitimizik.net\/index.php\/wp-json\/wp\/v2\/posts\/1028\/revisions"}],"predecessor-version":[{"id":1290,"href":"http:\/\/ayitimizik.net\/index.php\/wp-json\/wp\/v2\/posts\/1028\/revisions\/1290"}],"wp:attachment":[{"href":"http:\/\/ayitimizik.net\/index.php\/wp-json\/wp\/v2\/media?parent=1028"}],"wp:term":[{"taxonomy":"category","embeddable":true,"href":"http:\/\/ayitimizik.net\/index.php\/wp-json\/wp\/v2\/categories?post=1028"},{"taxonomy":"post_tag","embeddable":true,"href":"http:\/\/ayitimizik.net\/index.php\/wp-json\/wp\/v2\/tags?post=1028"}],"curies":[{"name":"wp","href":"https:\/\/api.w.org\/{rel}","templated":true}]}}