{"id":1026,"date":"2013-01-01T22:53:16","date_gmt":"2013-01-01T21:53:16","guid":{"rendered":"http:\/\/ayitimizik.net\/?p=1026"},"modified":"2018-09-01T18:16:32","modified_gmt":"2018-09-01T16:16:32","slug":"annonce-quel-avenir-pour-la-musique-haitienne","status":"publish","type":"post","link":"http:\/\/ayitimizik.net\/index.php\/2013\/01\/01\/annonce-quel-avenir-pour-la-musique-haitienne\/","title":{"rendered":"ANNONCE : Quel avenir pour la musique ha\u00eftienne ?"},"content":{"rendered":"<p><img loading=\"lazy\" class=\"wp-image-903 alignleft\" src=\"http:\/\/ayitimizik.net\/wp-content\/uploads\/2018\/08\/Ayiti-Mizik-787x423.jpg\" alt=\"\" width=\"250\" height=\"138\" \/><img loading=\"lazy\" class=\"wp-image-877 alignleft\" src=\"http:\/\/ayitimizik.net\/wp-content\/uploads\/2018\/08\/Logo_Kaymizikla_ok-900x274.jpg\" alt=\"\" width=\"250\" height=\"82\" \/><\/p>\n<p>&nbsp;<\/p>\n<p>&nbsp;<\/p>\n<p>&nbsp;<\/p>\n<p>&nbsp;<\/p>\n<p><strong>TABLE RONDE<\/strong><\/p>\n<p>VENDREDI 11 JANVIER 2013 \u2013 LE VILLATE<\/p>\n<p><strong>QUEL AVENIR POUR LA MUSIQUE HAITIENNE ?<\/strong><\/p>\n<p><strong>\u00a0<\/strong><\/p>\n<p>Dans le cadre des activit\u00e9s de <strong>Kay Mizik la <\/strong>\u2013 Centre de Ressources pour la Musique, <strong>Ayiti Mizik, <\/strong>l\u2019Association Ha\u00eftienne des Professionnels de la Musique et la <strong>Fondation Ha\u00efti Jazz <\/strong>proposent une table ronde autour du th\u00e8me \u00ab\u00a0Quel avenir pour la musique ha\u00eftienne\u00a0?\u00a0\u00bb le vendredi 11 janvier 2013, au restaurant le Villate (P\u00e9tion-ville), \u00e0 partir de 2hpm.<\/p>\n<p><strong>PROGRAMME<\/strong><\/p>\n<p><strong>Introduction g\u00e9n\u00e9rale<\/strong><\/p>\n<p><strong>6 ateliers sur diff\u00e9rents genres musicaux<\/strong><\/p>\n<ul>\n<li>Konpa<\/li>\n<\/ul>\n<p>&#8211;\u00a0\u00a0\u00a0\u00a0\u00a0\u00a0\u00a0Jazz \/ musique classique<\/p>\n<p>&#8211;\u00a0\u00a0\u00a0\u00a0\u00a0\u00a0\u00a0<em>Mizik rasin<\/em>\/ musique traditionnelle \/ troubadour<\/p>\n<p>&#8211;\u00a0\u00a0\u00a0\u00a0\u00a0\u00a0\u00a0Chanson \/ artistes solos<\/p>\n<p>&#8211;\u00a0\u00a0\u00a0\u00a0\u00a0\u00a0\u00a0Rap \/ musique urbaine<\/p>\n<p>&#8211;\u00a0\u00a0\u00a0\u00a0\u00a0\u00a0\u00a0Musique \u00e9vang\u00e9lique<\/p>\n<p><strong>Synth\u00e8se g\u00e9n\u00e9rale<\/strong><\/p>\n<p><strong>Pr\u00e9sentation succincte d\u2019Ayiti Mizik<\/strong><\/p>\n<p><strong>Cocktail<\/strong><\/p>\n<p>Tous les membres et sympathisants de AYITI MIZIK, les professionnels de la musique, la presse, les personnes et les institutions concern\u00e9es par le sujet sont invit\u00e9s \u00e0 participer aux discussions.<\/p>\n<p>Renseignement et r\u00e9servation\u00a0: tel 28 13 11 43 (de 9ham \u00e0 5hpm) \/ info@ayitimizik<\/p>\n<p><img loading=\"lazy\" class=\"aligncenter size-full wp-image-1043\" src=\"http:\/\/ayitimizik.net\/wp-content\/uploads\/2013\/01\/logo.jpg\" alt=\"\" width=\"591\" height=\"93\" srcset=\"http:\/\/ayitimizik.net\/wp-content\/uploads\/2013\/01\/logo.jpg 591w, http:\/\/ayitimizik.net\/wp-content\/uploads\/2013\/01\/logo-500x79.jpg 500w\" sizes=\"(max-width: 591px) 100vw, 591px\" \/><\/p>\n","protected":false},"excerpt":{"rendered":"<p>&nbsp; &nbsp; &nbsp; &nbsp; TABLE RONDE VENDREDI 11 JANVIER 2013 \u2013 LE VILLATE QUEL AVENIR POUR LA MUSIQUE HAITIENNE ? \u00a0 Dans le cadre des activit\u00e9s de Kay Mizik la \u2013 Centre de Ressources pour la Musique, Ayiti Mizik, l\u2019Association &hellip; <a href=\"http:\/\/ayitimizik.net\/index.php\/2013\/01\/01\/annonce-quel-avenir-pour-la-musique-haitienne\/\">Continuer la lecture <span class=\"meta-nav\">&rarr;<\/span><\/a><\/p>\n","protected":false},"author":2,"featured_media":0,"comment_status":"closed","ping_status":"closed","sticky":false,"template":"","format":"standard","meta":[],"categories":[14,13,10],"tags":[],"_links":{"self":[{"href":"http:\/\/ayitimizik.net\/index.php\/wp-json\/wp\/v2\/posts\/1026"}],"collection":[{"href":"http:\/\/ayitimizik.net\/index.php\/wp-json\/wp\/v2\/posts"}],"about":[{"href":"http:\/\/ayitimizik.net\/index.php\/wp-json\/wp\/v2\/types\/post"}],"author":[{"embeddable":true,"href":"http:\/\/ayitimizik.net\/index.php\/wp-json\/wp\/v2\/users\/2"}],"replies":[{"embeddable":true,"href":"http:\/\/ayitimizik.net\/index.php\/wp-json\/wp\/v2\/comments?post=1026"}],"version-history":[{"count":3,"href":"http:\/\/ayitimizik.net\/index.php\/wp-json\/wp\/v2\/posts\/1026\/revisions"}],"predecessor-version":[{"id":1044,"href":"http:\/\/ayitimizik.net\/index.php\/wp-json\/wp\/v2\/posts\/1026\/revisions\/1044"}],"wp:attachment":[{"href":"http:\/\/ayitimizik.net\/index.php\/wp-json\/wp\/v2\/media?parent=1026"}],"wp:term":[{"taxonomy":"category","embeddable":true,"href":"http:\/\/ayitimizik.net\/index.php\/wp-json\/wp\/v2\/categories?post=1026"},{"taxonomy":"post_tag","embeddable":true,"href":"http:\/\/ayitimizik.net\/index.php\/wp-json\/wp\/v2\/tags?post=1026"}],"curies":[{"name":"wp","href":"https:\/\/api.w.org\/{rel}","templated":true}]}}