{"id":1023,"date":"2013-01-01T22:48:45","date_gmt":"2013-01-01T21:48:45","guid":{"rendered":"http:\/\/ayitimizik.net\/?p=1023"},"modified":"2018-08-29T22:52:11","modified_gmt":"2018-08-29T20:52:11","slug":"kay-mizik-la-programmation-janvier-2013","status":"publish","type":"post","link":"http:\/\/ayitimizik.net\/index.php\/2013\/01\/01\/kay-mizik-la-programmation-janvier-2013\/","title":{"rendered":"Kay Mizik La programmation janvier 2013"},"content":{"rendered":"<p><img loading=\"lazy\" class=\"aligncenter size-medium wp-image-877\" src=\"http:\/\/ayitimizik.net\/wp-content\/uploads\/2018\/08\/Logo_Kaymizikla_ok-900x274.jpg\" alt=\"\" width=\"900\" height=\"274\" srcset=\"http:\/\/ayitimizik.net\/wp-content\/uploads\/2018\/08\/Logo_Kaymizikla_ok-900x274.jpg 900w, http:\/\/ayitimizik.net\/wp-content\/uploads\/2018\/08\/Logo_Kaymizikla_ok-768x234.jpg 768w, http:\/\/ayitimizik.net\/wp-content\/uploads\/2018\/08\/Logo_Kaymizikla_ok-1024x312.jpg 1024w, http:\/\/ayitimizik.net\/wp-content\/uploads\/2018\/08\/Logo_Kaymizikla_ok.jpg 1102w\" sizes=\"(max-width: 900px) 100vw, 900px\" \/><\/p>\n<p><strong>PROGRAMMATION JANVIER 2013<\/strong><\/p>\n<p>3 janvier\u00a0: r\u00e9ouverture de Kay Mizik la<\/p>\n<p>11 janvier\u00a0: table-ronde\u00a0: quel avenir pour la musique ha\u00eftienne\u00a0?<\/p>\n<p>22 Janvier\u00a0: Cin\u00e9 Sp\u00e9cial Festival De Jazz\u00a0: Miles Davis<\/p>\n<p>24 Janvier\u00a0: Cin\u00e9 Sp\u00e9cial Festival De Jazz\u00a0: Mo Better Blues<\/p>\n<p>25 Janvier\u00a0: Cin\u00e9 Sp\u00e9cial Festival De Jazz\u00a0: Pat Metheny<\/p>\n<p>Et toujours\u00a0: cours de solf\u00e8ge les lundis et mercredis<\/p>\n<p>&nbsp;<\/p>\n<p><strong><u>Jeudi 3 janvier\u00a0: REOUVERTURE<\/u><\/strong><\/p>\n<p>&nbsp;<\/p>\n<p><strong><u>Vendredi 11 janvier\u00a0: TABLE-RONDE\u00a0: QUEL AVENIR POUR LA MUSIQUE HAITIENNE\u00a0?<\/u><\/strong><\/p>\n<p><strong>Lieu\u00a0: Le Villatte<\/strong><\/p>\n<p><strong>Horaires\u00a0: de 2hPM \u00e0 8hPM<\/strong><\/p>\n<p>Les professionnels de la musique ha\u00eftienne se r\u00e9unissent pour une table-ronde o\u00f9 diff\u00e9rents ateliers th\u00e9matiques envisagent l\u2019avenir la musique ha\u00eftienne.<\/p>\n<p><em>Plus d\u2019informations dans les jours \u00e0 venir.<\/em><\/p>\n<p>&nbsp;<\/p>\n<p><strong><u>Festival International de Jazz de Port-au-Prince du 19 au 26 Janvier 2013 PROGRAMMATION \u00ab SPECIAL FESTIVAL \u00bb DE KAY MIZIK LA :<\/u><\/strong><\/p>\n<p><strong><u>Mardi 22 janvier\u00a0: CINE SPECIAL FESTIVAL DE JAZZ\u00a0: <em>THE MILES DAVIS STORY<\/em><\/u><\/strong><\/p>\n<p><strong>Horaires\u00a0: 5hPM<\/strong><\/p>\n<p>Film de Mike Dibb, un des meilleurs documentaires consacr\u00e9s au l\u00e9gendaire trompettisteMiles Davis, qui demeure le musicien de jazz le plus connu et le plus influent des cinquante derni\u00e8res ann\u00e9es. <em>The Miles Davis Story<\/em>explore la musique et l&rsquo;homme qui se cachent derri\u00e8re cette image publique. Du Miles enfant, issu de la classe moyenne, vivant \u00e0 St Louis o\u00f9 la s\u00e9gr\u00e9gation raciale s\u00e9vit, \u00e0 ses derni\u00e8res ann\u00e9es voyageant dans le monde entier telle une rock star. A voir absolument pour tous les fans du trompettiste.<\/p>\n<p>&nbsp;<\/p>\n<p><strong><u>Jeudi 24 janvier\u00a0: CINE SPECIAL FESTIVAL DE JAZZ\u00a0: <em>MO BETTER BLUES<\/em><\/u><\/strong><\/p>\n<p><strong>Horaires\u00a0: 5hPM<\/strong><\/p>\n<p>Film de Spike Lee avec Denzel Washington.<\/p>\n<p>L&rsquo;histoire d&rsquo;un musicien de jazz tiraill\u00e9 entre son art, ses petites amies et son impr\u00e9sario, \u00e0 la fin des ann\u00e9es soixante.<\/p>\n<p>Bande Originale\u00a0: Brandford Marsalis Quartet, Terence Blanchard, Cynda Williams, etc.<\/p>\n<p>&nbsp;<\/p>\n<p><strong><u>Vendredi 25 janvier\u00a0: CINE SPECIAL FESTIVAL DE JAZZ\u00a0: PAT METHENY GROUP\u00a0: <em>THE WAY UP<\/em>&#8211; LIVE<\/u><\/strong><\/p>\n<p><strong>Horaires\u00a0: 5hPM<\/strong><\/p>\n<p>En 1978, le talentueux guitariste Pat Methenyil fonde le Pat Metheny Group, avec son collaborateur de longue date, le pianiste Lyle Mays. Ils connaissent ensemble un succ\u00e8s imm\u00e9diat. Gr\u00e2ce \u00e0 une succession d&rsquo;albums et de tourn\u00e9es tr\u00e8s r\u00e9ussis, ils se sont tr\u00e8s vite impos\u00e9s sur les devants de la sc\u00e8ne fusion jazz-rock. Ce spectacle film\u00e9 fin 2005 reprend sur sc\u00e8ne l&rsquo;int\u00e9gralit\u00e9 de leur album <em>The Way Up<\/em>qui a valu au Pat Metheny Group leur 10\u00e8me Grammy Award.<\/p>\n<p><strong>\u00a0<\/strong><\/p>\n<p><strong><u>RAPPEL\u00a0: Lundi \/ mercredi\u00a0: COURS DE SOLFEGE<\/u><\/strong><\/p>\n<p><strong>Horaires\u00a0:<\/strong><\/p>\n<p><strong>Lundi de 3hPM \u00e0 4h30PM<\/strong><\/p>\n<p><strong>Mercredi de 3hPM \u00e0 4h30PM<\/strong><\/p>\n<p><strong>Programme<\/strong>\u00a0: Lire et \u00e9crire la musique \u2013 accords de base \u2013 principales figures rythmiques<\/p>\n<p><u>Mois 1<\/u>:Ecriture Musicale\u00a0: La port\u00e9e, les cl\u00e9s, les notes, les silences, les alt\u00e9rations.<\/p>\n<p><u>Mois 2<\/u>\u00a0: Ecriture rythmique: La mesure, le rythme, triolets et duolets, le mouvement, point d&rsquo;orgue et point d&rsquo;arr\u00eat.<\/p>\n<p><u>Mois 3<\/u>\u00a0: La tonalit\u00e9\u00a0: Ton et demi-tons, les intervalles, la gamme majeure, triade (<em>basic chords<\/em>).<\/p>\n<p><strong>Intervenant\u00a0: Welmyr Jean-Pierre<\/strong><\/p>\n<p><strong>Welmyr Jean-Pierre<\/strong><strong>, i<\/strong>ng\u00e9nieur civil de profession, est originaire du Cap-Ha\u00eftien. Il a d\u00e9but\u00e9 ses \u00e9tudes de piano classique d\u00e8s l&rsquo;\u00e2ge de 5 ans et demi. D&rsquo;abord avec s\u0153ur ain\u00e9e, Dr. Elkine Jean-Pierre, puis avec le professeur Solon C. Verettes. En dehors du style classique, c&rsquo;est un passionn\u00e9 de gospel et de jazz. Il a travaill\u00e9 et tourne r\u00e9guli\u00e8rement avec des artistes de renom comme The Brooklyn Tabernacle Choir, Mozayik, Beethova Obas, Emeline Michel, NY All Stars pour ne citer que ceux-l\u00e0. Son deuxi\u00e8me instrument est la clarinette.<\/p>\n<p>&nbsp;<\/p>\n<p><strong><u>CONDITIONS GENERALES DE PARTICIPATION\u00a0<\/u><\/strong><u>:<\/u><\/p>\n<p><em>Les activit\u00e9s de KAY MIZIK LA s\u2019adressent aux professionnels de la musique. Elles sont gratuites pour les membres de l\u2019association AYITI MIZIK \u00e0 jour de cotisation pour l\u2019ann\u00e9e 2012-2013. L\u2019a<\/em><em>dh\u00e9sion \u00e0 l\u2019association\u00a0<\/em><em>AYITI MIZIK <\/em><em>co\u00fbte 1000 HTG pour l\u2019ann\u00e9e, et donne droit aux formations (sous r\u00e9serve de place disponible) et \u00e0 l\u2019ensemble des services offerts par <\/em><em>KAY MIZIK LA<\/em><em>\u00a0: conseil professionnel, acc\u00e8s \u00e0 la m\u00e9diath\u00e8que, conf\u00e9rence, table ronde, cin\u00e9ma, chita pale.<\/em><em>L\u2019a<\/em><em>dh\u00e9sion \u00e0 <\/em><em>KAY MIZIK LA <\/em><em>co\u00fbte<\/em><em>200 HTG pour <\/em><em>l\u2019ann\u00e9e<\/em><em>, et donne droit simplement aux services suivants\u00a0: <\/em><em>m\u00e9diath\u00e8que, conf\u00e9rence, table ronde, cin\u00e9ma, chita pale.<\/em><\/p>\n","protected":false},"excerpt":{"rendered":"<p>PROGRAMMATION JANVIER 2013 3 janvier\u00a0: r\u00e9ouverture de Kay Mizik la 11 janvier\u00a0: table-ronde\u00a0: quel avenir pour la musique ha\u00eftienne\u00a0? 22 Janvier\u00a0: Cin\u00e9 Sp\u00e9cial Festival De Jazz\u00a0: Miles Davis 24 Janvier\u00a0: Cin\u00e9 Sp\u00e9cial Festival De Jazz\u00a0: Mo Better Blues 25 Janvier\u00a0: &hellip; <a href=\"http:\/\/ayitimizik.net\/index.php\/2013\/01\/01\/kay-mizik-la-programmation-janvier-2013\/\">Continuer la lecture <span class=\"meta-nav\">&rarr;<\/span><\/a><\/p>\n","protected":false},"author":2,"featured_media":0,"comment_status":"closed","ping_status":"closed","sticky":false,"template":"","format":"standard","meta":[],"categories":[6,13],"tags":[],"_links":{"self":[{"href":"http:\/\/ayitimizik.net\/index.php\/wp-json\/wp\/v2\/posts\/1023"}],"collection":[{"href":"http:\/\/ayitimizik.net\/index.php\/wp-json\/wp\/v2\/posts"}],"about":[{"href":"http:\/\/ayitimizik.net\/index.php\/wp-json\/wp\/v2\/types\/post"}],"author":[{"embeddable":true,"href":"http:\/\/ayitimizik.net\/index.php\/wp-json\/wp\/v2\/users\/2"}],"replies":[{"embeddable":true,"href":"http:\/\/ayitimizik.net\/index.php\/wp-json\/wp\/v2\/comments?post=1023"}],"version-history":[{"count":2,"href":"http:\/\/ayitimizik.net\/index.php\/wp-json\/wp\/v2\/posts\/1023\/revisions"}],"predecessor-version":[{"id":1025,"href":"http:\/\/ayitimizik.net\/index.php\/wp-json\/wp\/v2\/posts\/1023\/revisions\/1025"}],"wp:attachment":[{"href":"http:\/\/ayitimizik.net\/index.php\/wp-json\/wp\/v2\/media?parent=1023"}],"wp:term":[{"taxonomy":"category","embeddable":true,"href":"http:\/\/ayitimizik.net\/index.php\/wp-json\/wp\/v2\/categories?post=1023"},{"taxonomy":"post_tag","embeddable":true,"href":"http:\/\/ayitimizik.net\/index.php\/wp-json\/wp\/v2\/tags?post=1023"}],"curies":[{"name":"wp","href":"https:\/\/api.w.org\/{rel}","templated":true}]}}