{"id":1020,"date":"2012-12-01T22:43:02","date_gmt":"2012-12-01T21:43:02","guid":{"rendered":"http:\/\/ayitimizik.net\/?p=1020"},"modified":"2018-09-01T19:02:30","modified_gmt":"2018-09-01T17:02:30","slug":"kay-mizik-la-programmation-decembre-2012","status":"publish","type":"post","link":"http:\/\/ayitimizik.net\/index.php\/2012\/12\/01\/kay-mizik-la-programmation-decembre-2012\/","title":{"rendered":"Kay Mizik La programmation d\u00e9cembre 2012"},"content":{"rendered":"<p><img loading=\"lazy\" class=\"aligncenter size-medium wp-image-877\" src=\"http:\/\/ayitimizik.net\/wp-content\/uploads\/2018\/08\/Logo_Kaymizikla_ok-900x274.jpg\" alt=\"\" width=\"900\" height=\"274\" srcset=\"http:\/\/ayitimizik.net\/wp-content\/uploads\/2018\/08\/Logo_Kaymizikla_ok-900x274.jpg 900w, http:\/\/ayitimizik.net\/wp-content\/uploads\/2018\/08\/Logo_Kaymizikla_ok-768x234.jpg 768w, http:\/\/ayitimizik.net\/wp-content\/uploads\/2018\/08\/Logo_Kaymizikla_ok-1024x312.jpg 1024w, http:\/\/ayitimizik.net\/wp-content\/uploads\/2018\/08\/Logo_Kaymizikla_ok.jpg 1102w\" sizes=\"(max-width: 900px) 100vw, 900px\" \/><\/p>\n<p><strong>PROGRAMMATION DECEMBRE 2012<\/strong><\/p>\n<p>3 d\u00e9cembre\u00a0: reprise des cours de solf\u00e8ge (2<sup>\u00e8me<\/sup>session)<\/p>\n<p>3 d\u00e9cembre\u00a0: rencontre avec Luck Mervil<\/p>\n<p>7 d\u00e9cembre\u00a0: rencontre avec Joel Widmaier<\/p>\n<p>14 d\u00e9cembre\u00a0: cin\u00e9ma \u00ab\u00a0Buena Vista Social Club\u00a0\u00bb<\/p>\n<p>21 d\u00e9cembre\u00a0: rencontre avec Fabrice Rouzier<\/p>\n<p>&nbsp;<\/p>\n<p><strong><u>Lundi 3 d\u00e9cembre\u00a0: COURS DE SOLFEGE (2<sup>\u00e8me<\/sup>session)<\/u><\/strong><\/p>\n<p><strong>La deuxi\u00e8me session des cours de solf\u00e8ge d\u00e9butera le lundi 3 d\u00e9cembre. Elle durera 3 mois, jusqu\u2019au <\/strong>27 f\u00e9vrier 2013, tous les lundis et mercredis de 3hpm \u00e0 4h30pm.<\/p>\n<p><strong>Horaires: lundi \/ mercredi de 3hpm \u00e0 4h30pm<\/strong><strong>\u00a0<\/strong><\/p>\n<p><strong>Intervenant\u00a0: Welmyr Jean-Pierre<\/strong><\/p>\n<p><strong>Welmyr Jean-Pierre<\/strong><strong>, i<\/strong>ng\u00e9nieur civil de profession, est originaire du Cap-Ha\u00eftien. Il a d\u00e9but\u00e9 ses \u00e9tudes de piano classique d\u00e8s l&rsquo;\u00e2ge de 5 ans et demi. D&rsquo;abord avec s\u0153ur ain\u00e9e, Dr. Elkine Jean-Pierre, puis avec le professeur Solon C. Verettes. En dehors du style classique, c&rsquo;est un passionn\u00e9 de gospel et de jazz. Il a travaill\u00e9 et tourne r\u00e9guli\u00e8rement avec des artistes de renom comme The Brooklyn Tabernacle Choir, Mozayik, Beethova Obas, Emeline Michel, NY All Stars pour ne citer que ceux-l\u00e0. Son deuxi\u00e8me instrument est la clarinette.<\/p>\n<p><strong>Nombre de places<\/strong>\u00a0: 12 (inscription au bureau de KAY MIZIK LA)<\/p>\n<p>&nbsp;<\/p>\n<p><strong><u>Lundi 3 d\u00e9cembre\u00a0: rencontre avec LUCK MERVIL<\/u><\/strong><\/p>\n<p><strong>Horaires\u00a0: de 5hpm \u00e0 6h30pm<\/strong><\/p>\n<p>Durant le mois de d\u00e9cembre 2012, KAY MIZIK LA vous propose de partager un moment privil\u00e9gi\u00e9 avec des artistes de renom qui interviendront sur des sujets de leur choix.<\/p>\n<p>La premi\u00e8re rencontre vous permettra de faire plus ample connaissance avec Luck Mervil.<\/p>\n<p><strong>Luck Mervil<\/strong>, est un auteur-compositeur-interpr\u00e8te, musicien, acteur et animateur de t\u00e9l\u00e9vision qu\u00e9b\u00e9cois d\u2019origine ha\u00eftienne. Il est connu pour avoir \u00e9galement jou\u00e9 le r\u00f4le de Clopin dans la com\u00e9die musicale <em>Notre-Dame de Paris<\/em>. Il \u00e9tait \u00e9galement le chanteur du groupe de fusion rap-reggae Rudeluck.<\/p>\n<p>&nbsp;<\/p>\n<p><strong><u>vendredi 7 d\u00e9cembre\u00a0: RENCONTRE JOEL WIDMAIER<\/u><\/strong><\/p>\n<p><strong>Horaires: de 5hPM\u00a0\u00e0 6h30PM<\/strong><\/p>\n<p>Musicien, auteur, compositeur, ing\u00e9nieur du son, Jo\u00ebl Widmaier est aussi co-fondateur de la Fondation Ha\u00efti Jazz organisatrice du Festival International de Jazz de Port-au-Prince, \u00e9v\u00e9nement annuel sur 8 jours et 5 sites qui r\u00e9uni des groupes de jazz de 10 pays \u00e9trangers et accueille pr\u00e8s d\u2019une dizaine de groupes ha\u00eftiens de jazz locaux et de la diaspora.<\/p>\n<p>&nbsp;<\/p>\n<p><strong><u>vendredi 14 d\u00e9cembre\u00a0: CINEMA\u00a0: BUENA VISTA SOCIAL CLUB<\/u><\/strong><\/p>\n<p><strong>Horaires: de 5hPM\u00e0 6h30PM<\/strong><\/p>\n<p>D\u00e9couvrez au c\u00f4t\u00e9s du guitariste am\u00e9ricain Ry Cooder et du r\u00e9alisateur allemand Wim Wenders le Buena Vista Social Club, le club l\u00e9gendaire des grands noms de la musique cubaine, qui repartent \u00e0 la conqu\u00eate du succ\u00e8s de La Havane jusqu\u2019 \u00e0 New York en passant par Amsterdam.<\/p>\n<p>Un film de Win Wenders, avec Compay Segundo, Eliades Ochoa, Ibrahim Ferrer, Omara Portuondo, etc.<\/p>\n<p>&nbsp;<\/p>\n<p><strong><u>Vendredi 21 d\u00e9cembre\u00a0: rencontre avec FABRICE ROUZIER<\/u><\/strong><\/p>\n<p><strong>Horaires\u00a0: de 5hpm \u00e0 6h30pm<\/strong><\/p>\n<p>Pianiste et <em>producer<\/em>, <strong>Fabrice Rouzier\u00a0<\/strong>est membre fondateur du groupe Mizik Mizik. Il est aussi \u00e0 l\u2019origine du projet \u00ab\u00a0Ha\u00efti Twoubadou\u00a0\u00bb. Durant ses 20 ans de carri\u00e8re musicale, il a particip\u00e9 \u00e0 la r\u00e9alisation de plus de 300 albums dont d\u2019Emeline Michel, de Sweet Micky, de Beethova Obas, Boukman Eksperyans, BelO, Tifane, Jude Jeanou encore Jahnesta.<\/p>\n<p>&nbsp;<\/p>\n<p><strong><u>CONDITIONS GENERALES DE PARTICIPATION\u00a0<\/u><\/strong><u>:<\/u><\/p>\n<p><em>Les activit\u00e9s de KAY MIZIK LA s\u2019adressent aux professionnels de la musique. Elles sont gratuites pour les membres de l\u2019association AYITI MIZIK \u00e0 jour de cotisation pour l\u2019ann\u00e9e 2012-2013. L\u2019a<\/em><em>dh\u00e9sion \u00e0 l\u2019association\u00a0<\/em><em>AYITI MIZIK <\/em><em>co\u00fbte 1000 HTG pour l\u2019ann\u00e9e, et donne droit aux formations (sous r\u00e9serve de place disponible) et \u00e0 l\u2019ensemble des services offerts par <\/em><em>KAY MIZIK LA<\/em><em>\u00a0: conseil professionnel, acc\u00e8s \u00e0 la m\u00e9diath\u00e8que, conf\u00e9rence, table ronde, cin\u00e9ma, chita pale.<\/em><em>L\u2019a<\/em><em>dh\u00e9sion \u00e0 <\/em><em>KAY MIZIK LA <\/em><em>co\u00fbte<\/em><em>200 HTG pour <\/em><em>l\u2019ann\u00e9e<\/em><em>, et donne droit simplement aux services suivants\u00a0: <\/em><em>m\u00e9diath\u00e8que, conf\u00e9rence, table ronde, cin\u00e9ma, chita pale.<\/em><\/p>\n","protected":false},"excerpt":{"rendered":"<p>PROGRAMMATION DECEMBRE 2012 3 d\u00e9cembre\u00a0: reprise des cours de solf\u00e8ge (2\u00e8mesession) 3 d\u00e9cembre\u00a0: rencontre avec Luck Mervil 7 d\u00e9cembre\u00a0: rencontre avec Joel Widmaier 14 d\u00e9cembre\u00a0: cin\u00e9ma \u00ab\u00a0Buena Vista Social Club\u00a0\u00bb 21 d\u00e9cembre\u00a0: rencontre avec Fabrice Rouzier &nbsp; Lundi 3 d\u00e9cembre\u00a0: &hellip; <a href=\"http:\/\/ayitimizik.net\/index.php\/2012\/12\/01\/kay-mizik-la-programmation-decembre-2012\/\">Continuer la lecture <span class=\"meta-nav\">&rarr;<\/span><\/a><\/p>\n","protected":false},"author":2,"featured_media":0,"comment_status":"closed","ping_status":"closed","sticky":false,"template":"","format":"standard","meta":[],"categories":[14,13],"tags":[],"_links":{"self":[{"href":"http:\/\/ayitimizik.net\/index.php\/wp-json\/wp\/v2\/posts\/1020"}],"collection":[{"href":"http:\/\/ayitimizik.net\/index.php\/wp-json\/wp\/v2\/posts"}],"about":[{"href":"http:\/\/ayitimizik.net\/index.php\/wp-json\/wp\/v2\/types\/post"}],"author":[{"embeddable":true,"href":"http:\/\/ayitimizik.net\/index.php\/wp-json\/wp\/v2\/users\/2"}],"replies":[{"embeddable":true,"href":"http:\/\/ayitimizik.net\/index.php\/wp-json\/wp\/v2\/comments?post=1020"}],"version-history":[{"count":4,"href":"http:\/\/ayitimizik.net\/index.php\/wp-json\/wp\/v2\/posts\/1020\/revisions"}],"predecessor-version":[{"id":1075,"href":"http:\/\/ayitimizik.net\/index.php\/wp-json\/wp\/v2\/posts\/1020\/revisions\/1075"}],"wp:attachment":[{"href":"http:\/\/ayitimizik.net\/index.php\/wp-json\/wp\/v2\/media?parent=1020"}],"wp:term":[{"taxonomy":"category","embeddable":true,"href":"http:\/\/ayitimizik.net\/index.php\/wp-json\/wp\/v2\/categories?post=1020"},{"taxonomy":"post_tag","embeddable":true,"href":"http:\/\/ayitimizik.net\/index.php\/wp-json\/wp\/v2\/tags?post=1020"}],"curies":[{"name":"wp","href":"https:\/\/api.w.org\/{rel}","templated":true}]}}